{"id":21684,"date":"2025-03-11T19:00:00","date_gmt":"2025-03-11T22:00:00","guid":{"rendered":"https:\/\/sgvaimudar.com.br\/?p=21684"},"modified":"2025-03-11T13:21:19","modified_gmt":"2025-03-11T16:21:19","slug":"bagueira-faz-balanco-positivo-do-carnaval-de-niteroi-e-preve-boas-novas-para-2026","status":"publish","type":"post","link":"https:\/\/sgvaimudar.com.br\/index.php\/2025\/03\/11\/bagueira-faz-balanco-positivo-do-carnaval-de-niteroi-e-preve-boas-novas-para-2026\/","title":{"rendered":"Bagueira faz balan\u00e7o positivo do carnaval de Niter\u00f3i e prev\u00ea boas novas para 2026"},"content":{"rendered":"\n<p><em>Ele disse que a expectativa \u00e9 que o Carnaval do pr\u00f3ximo ano traga ainda mais inova\u00e7\u00f5es <\/em><\/p>\n\n\n\n<p>O presidente da Comiss\u00e3o de Carnaval e secret\u00e1rio de Governo de Niter\u00f3i, Paulo Bagueira, fez um balan\u00e7o positivo do Carnaval de 2025, que atraiu milhares de foli\u00f5es e destacou a cidade como um importante polo da festa de Momo. Bagueira elogiou a qualidade do desfile das Escolas de Samba no Caminho Niemeyer e a anima\u00e7\u00e3o dos carnavais de bairros, ressaltando a vit\u00f3ria da Acad\u00eamicos de Niter\u00f3i, que agora, junto com a Viradouro,\u00a0 integra a elite do Carnaval do Rio de Janeiro.<\/p>\n\n\n\n<p>\u201cFizemos um belo carnaval, com um \u00f3timo desfile das escolas de samba aqui e no Rio de Janeiro. Tivemos uma programa\u00e7\u00e3o diversificada que incluiu carnavais de bairros e dezenas de blocos pelas ruas da cidade. O amor dos niteroienses pelo carnaval e a infraestrutura oferecida pela Prefeitura foram fundamentais para este sucesso\u201d, afirmou Bagueira.<\/p>\n\n\n\n<p>Ele destacou o apoio da Prefeitura que garantiu a libera\u00e7\u00e3o antecipada das subven\u00e7\u00f5es para as escolas de samba, permitindo uma melhor organiza\u00e7\u00e3o e planejamento. \u201cAs escolas receberam as subven\u00e7\u00f5es em novembro, dezembro e in\u00edcio de janeiro, o que possibilitou um cronograma de trabalho mais eficiente e, consequentemente, desfiles de maior qualidade\u201d, explicou Bagueira.<\/p>\n\n\n\n<p>O Caminho Niemeyer, segundo ele, foi um fator crucial para a visibilidade das escolas. \u201cA estrutura que oferecemos \u00e9 de alta qualidade e a cada ano melhoramos ainda mais. O Caminho Niemeyer se tornou um espa\u00e7o emblem\u00e1tico para os desfiles de Niter\u00f3i\u201d, afirmou.<\/p>\n\n\n\n<p>Al\u00e9m disso, os carnavais de bairros tamb\u00e9m se mostraram um grande sucesso, com eventos lotados e sem registros de viol\u00eancia. \u201cJunto com o prefeito Rodrigo Neves e \u00e0 Corte Momesca, visitamos os principais carnavais de bairros e&nbsp; pudemos perceber a alegria do povo nestes locais da cidade. Foi uma verdadeira festa popular\u201d, disse.<\/p>\n\n\n\n<p>Ele disse que o olhar para o futuro \u00e9 otimista. \u201cPara 2026, temos a promessa de um carnaval ainda melhor. O prefeito Rodrigo j\u00e1 garantiu que a Prefeitura continuar\u00e1 a apoiar a festa e estamos organizando tudo para que a pr\u00f3xima edi\u00e7\u00e3o supere as expectativas. O carnaval \u00e9 uma express\u00e3o cultural importante e uma fonte de renda para muitos niteroienses\u201d, concluiu Paulo Bagueira.<\/p>\n\n\n\n<p>\u201cA expectativa \u00e9 que o Carnaval de Niter\u00f3i em 2026 traga ainda mais inova\u00e7\u00f5es e continue a fortalecer a tradi\u00e7\u00e3o e a cultura local, reafirmando a cidade como um dos principais destinos do carnaval brasileiro. Me sinto feliz de ter estado \u00e0 frente desse processo de revitaliza\u00e7\u00e3o do carnaval de Niter\u00f3i. No in\u00edcio dos anos 2000, quando organizava desfile dos blocos na rua da Concei\u00e7\u00e3o, ningu\u00e9m imaginava que traremos de volta a beleza dos carnavais da cidade\u201d, comemorou o presidente.<\/p>\n\n\n\n<p><strong><em>S\u00e3o Gon\u00e7alo vai mudar: Not\u00edcias de S\u00e3o Gon\u00e7alo e toda regi\u00e3o.<\/em><\/strong><\/p>\n\n\n\n<figure class=\"wp-block-image size-full\"><img decoding=\"async\" width=\"317\" height=\"110\" src=\"https:\/\/sgvaimudar.com.br\/wp-content\/uploads\/2023\/08\/cropped-Logo-Provisoria-2-2.png\" alt=\"\" class=\"wp-image-2782\" srcset=\"https:\/\/sgvaimudar.com.br\/wp-content\/uploads\/2023\/08\/cropped-Logo-Provisoria-2-2.png 317w, https:\/\/sgvaimudar.com.br\/wp-content\/uploads\/2023\/08\/cropped-Logo-Provisoria-2-2-300x104.png 300w\" sizes=\"(max-width: 317px) 100vw, 317px\" \/><\/figure>\n","protected":false},"excerpt":{"rendered":"<p>Ele disse que a expectativa \u00e9 que o Carnaval do pr\u00f3ximo ano traga ainda mais inova\u00e7\u00f5es O presidente da Comiss\u00e3o&hellip;<\/p>\n","protected":false},"author":5,"featured_media":21685,"comment_status":"open","ping_status":"open","sticky":false,"template":"","format":"standard","meta":{"fifu_image_url":"","fifu_image_alt":"","footnotes":""},"categories":[34],"tags":[47],"class_list":["post-21684","post","type-post","status-publish","format-standard","has-post-thumbnail","hentry","category-niteroi","tag-rj"],"_links":{"self":[{"href":"https:\/\/sgvaimudar.com.br\/index.php\/wp-json\/wp\/v2\/posts\/21684","targetHints":{"allow":["GET"]}}],"collection":[{"href":"https:\/\/sgvaimudar.com.br\/index.php\/wp-json\/wp\/v2\/posts"}],"about":[{"href":"https:\/\/sgvaimudar.com.br\/index.php\/wp-json\/wp\/v2\/types\/post"}],"author":[{"embeddable":true,"href":"https:\/\/sgvaimudar.com.br\/index.php\/wp-json\/wp\/v2\/users\/5"}],"replies":[{"embeddable":true,"href":"https:\/\/sgvaimudar.com.br\/index.php\/wp-json\/wp\/v2\/comments?post=21684"}],"version-history":[{"count":2,"href":"https:\/\/sgvaimudar.com.br\/index.php\/wp-json\/wp\/v2\/posts\/21684\/revisions"}],"predecessor-version":[{"id":21688,"href":"https:\/\/sgvaimudar.com.br\/index.php\/wp-json\/wp\/v2\/posts\/21684\/revisions\/21688"}],"wp:featuredmedia":[{"embeddable":true,"href":"https:\/\/sgvaimudar.com.br\/index.php\/wp-json\/wp\/v2\/media\/21685"}],"wp:attachment":[{"href":"https:\/\/sgvaimudar.com.br\/index.php\/wp-json\/wp\/v2\/media?parent=21684"}],"wp:term":[{"taxonomy":"category","embeddable":true,"href":"https:\/\/sgvaimudar.com.br\/index.php\/wp-json\/wp\/v2\/categories?post=21684"},{"taxonomy":"post_tag","embeddable":true,"href":"https:\/\/sgvaimudar.com.br\/index.php\/wp-json\/wp\/v2\/tags?post=21684"}],"curies":[{"name":"wp","href":"https:\/\/api.w.org\/{rel}","templated":true}]}}