{"id":21681,"date":"2025-03-11T17:00:00","date_gmt":"2025-03-11T20:00:00","guid":{"rendered":"https:\/\/sgvaimudar.com.br\/?p=21681"},"modified":"2025-03-11T13:15:04","modified_gmt":"2025-03-11T16:15:04","slug":"semana-escolar-de-combate-a-violencia-contra-a-mulher-conscientiza-adolescentes-em-itaborai","status":"publish","type":"post","link":"https:\/\/sgvaimudar.com.br\/index.php\/2025\/03\/11\/semana-escolar-de-combate-a-violencia-contra-a-mulher-conscientiza-adolescentes-em-itaborai\/","title":{"rendered":"Semana Escolar de Combate \u00e0 Viol\u00eancia contra a Mulher conscientiza adolescentes em Itabora\u00ed"},"content":{"rendered":"\n<p>A Prefeitura de Itabora\u00ed, por meio da Secretaria Municipal de Seguran\u00e7a P\u00fablica (Semseg), realizou na manh\u00e3 desta segunda-feira (10\/03), uma palestra no Col\u00e9gio Municipal Clara Pereira de Oliveira, em Nova Cidade. A iniciativa faz parte da Semana Escolar de Combate \u00e0 Viol\u00eancia contra a Mulher, determinada pela Lei 14.164\/2021, e foi promovida pelo Grupamento Especial de Ronda Escolar (GERE) e pela Ronda Maria da Penha.<\/p>\n\n\n\n<p>A palestra foi voltada para os alunos do 9\u00ba ano do Ensino Fundamental, com o objetivo de conscientizar sobre a viol\u00eancia contra a mulher. Durante a apresenta\u00e7\u00e3o, os agentes de seguran\u00e7a exibiram v\u00eddeos com relatos de mulheres famosas e an\u00f4nimas que enfrentaram diferentes formas de viol\u00eancia. Al\u00e9m disso, explicaram os principais tipos de agress\u00e3o contra a mulher, como viol\u00eancia f\u00edsica, psicol\u00f3gica, sexual, patrimonial e moral.<\/p>\n\n\n\n<p>As den\u00fancias de viol\u00eancia podem ser feitas pelo Disque 180, que funciona 24 horas por dia, ou em qualquer delegacia, especialmente na Delegacia Especializada de Atendimento \u00e0 Mulher (DEAM).<\/p>\n\n\n\n<p>O secret\u00e1rio municipal de Seguran\u00e7a P\u00fablica, Heitor Baldow, destacou a import\u00e2ncia do projeto para a forma\u00e7\u00e3o dos jovens:<\/p>\n\n\n\n<p>\u201c\u00c9 essencial que os adolescentes compreendam desde cedo a gravidade da viol\u00eancia contra a mulher e saibam como identificar e denunciar casos. A educa\u00e7\u00e3o \u00e9 uma ferramenta fundamental para a preven\u00e7\u00e3o e para a constru\u00e7\u00e3o de uma sociedade mais segura, especialmente para as mulheres\u201d, expressou o secret\u00e1rio.<\/p>\n\n\n\n<p>A diretora do Col\u00e9gio Municipal Clara Pereira de Oliveira, Elisabete Silva, celebrou a iniciativa e ressaltou a relev\u00e2ncia do debate dentro da escola:<\/p>\n\n\n\n<p>\u201cEstou muito feliz por esse projeto lan\u00e7ado pela gest\u00e3o atual, atrav\u00e9s da Secretaria Municipal de Seguran\u00e7a. A viol\u00eancia pode acontecer dentro da escola entre os alunos, e isso j\u00e1 demonstra a constru\u00e7\u00e3o de uma viol\u00eancia que pode ser replicada dos port\u00f5es para fora da escola. \u00c9 fundamental que a gente converse sobre isso\u201d, declarou a diretora.<\/p>\n\n\n\n<p>A Semana Escolar de Combate \u00e0 Viol\u00eancia contra a Mulher seguir\u00e1 com a\u00e7\u00f5es em outras unidades de ensino do munic\u00edpio, refor\u00e7ando a conscientiza\u00e7\u00e3o sobre temas essenciais para a forma\u00e7\u00e3o cidad\u00e3 dos alunos.<\/p>\n\n\n\n<p><strong><em>S\u00e3o Gon\u00e7alo vai mudar: Not\u00edcias de S\u00e3o Gon\u00e7alo e toda regi\u00e3o.<\/em><\/strong><\/p>\n\n\n\n<figure class=\"wp-block-image size-full\"><img decoding=\"async\" width=\"317\" height=\"110\" src=\"https:\/\/sgvaimudar.com.br\/wp-content\/uploads\/2023\/08\/cropped-Logo-Provisoria-2-2.png\" alt=\"\" class=\"wp-image-2782\" srcset=\"https:\/\/sgvaimudar.com.br\/wp-content\/uploads\/2023\/08\/cropped-Logo-Provisoria-2-2.png 317w, https:\/\/sgvaimudar.com.br\/wp-content\/uploads\/2023\/08\/cropped-Logo-Provisoria-2-2-300x104.png 300w\" sizes=\"(max-width: 317px) 100vw, 317px\" \/><\/figure>\n","protected":false},"excerpt":{"rendered":"<p>A Prefeitura de Itabora\u00ed, por meio da Secretaria Municipal de Seguran\u00e7a P\u00fablica (Semseg), realizou na manh\u00e3 desta segunda-feira (10\/03), uma&hellip;<\/p>\n","protected":false},"author":5,"featured_media":21682,"comment_status":"open","ping_status":"open","sticky":false,"template":"","format":"standard","meta":{"fifu_image_url":"","fifu_image_alt":"","footnotes":""},"categories":[32],"tags":[39,41,40,47],"class_list":["post-21681","post","type-post","status-publish","format-standard","has-post-thumbnail","hentry","category-casos-de-policia","tag-ataque","tag-conflito","tag-guerra","tag-rj"],"_links":{"self":[{"href":"https:\/\/sgvaimudar.com.br\/index.php\/wp-json\/wp\/v2\/posts\/21681","targetHints":{"allow":["GET"]}}],"collection":[{"href":"https:\/\/sgvaimudar.com.br\/index.php\/wp-json\/wp\/v2\/posts"}],"about":[{"href":"https:\/\/sgvaimudar.com.br\/index.php\/wp-json\/wp\/v2\/types\/post"}],"author":[{"embeddable":true,"href":"https:\/\/sgvaimudar.com.br\/index.php\/wp-json\/wp\/v2\/users\/5"}],"replies":[{"embeddable":true,"href":"https:\/\/sgvaimudar.com.br\/index.php\/wp-json\/wp\/v2\/comments?post=21681"}],"version-history":[{"count":1,"href":"https:\/\/sgvaimudar.com.br\/index.php\/wp-json\/wp\/v2\/posts\/21681\/revisions"}],"predecessor-version":[{"id":21683,"href":"https:\/\/sgvaimudar.com.br\/index.php\/wp-json\/wp\/v2\/posts\/21681\/revisions\/21683"}],"wp:featuredmedia":[{"embeddable":true,"href":"https:\/\/sgvaimudar.com.br\/index.php\/wp-json\/wp\/v2\/media\/21682"}],"wp:attachment":[{"href":"https:\/\/sgvaimudar.com.br\/index.php\/wp-json\/wp\/v2\/media?parent=21681"}],"wp:term":[{"taxonomy":"category","embeddable":true,"href":"https:\/\/sgvaimudar.com.br\/index.php\/wp-json\/wp\/v2\/categories?post=21681"},{"taxonomy":"post_tag","embeddable":true,"href":"https:\/\/sgvaimudar.com.br\/index.php\/wp-json\/wp\/v2\/tags?post=21681"}],"curies":[{"name":"wp","href":"https:\/\/api.w.org\/{rel}","templated":true}]}}