{"id":21677,"date":"2025-03-11T15:00:00","date_gmt":"2025-03-11T18:00:00","guid":{"rendered":"https:\/\/sgvaimudar.com.br\/?p=21677"},"modified":"2025-03-11T13:07:27","modified_gmt":"2025-03-11T16:07:27","slug":"homem-e-detido-e-liberado-apos-agredir-mulheres-em-itaipuacu-em-marica","status":"publish","type":"post","link":"https:\/\/sgvaimudar.com.br\/index.php\/2025\/03\/11\/homem-e-detido-e-liberado-apos-agredir-mulheres-em-itaipuacu-em-marica\/","title":{"rendered":"Homem \u00e9 detido e liberado ap\u00f3s agredir mulheres em Itaipua\u00e7u, em Maric\u00e1"},"content":{"rendered":"\n<p>Um homem foi detido e liberado, na tarde do \u00faltimo domingo (9\/3), depois de ser acusado de agredir a tia e a m\u00e3e, em Itaipua\u00e7u, em Maric\u00e1. Segundo os militares, por determina\u00e7\u00e3o do 190, uma guarni\u00e7\u00e3o procedeu na Rua 80, lote 17, quadra 423, no Jardim Atl\u00e2ntico Leste para verificar uma ocorr\u00eancia de viol\u00eancia contar mulher.<\/p>\n\n\n\n<p>De acordo com PM, ao chegarem no local os policiais encontraram a v\u00edtima com duas facas na m\u00e3o. Ela contou aos agentes que o acusado identificado como Yallyson de Souza Costa, de 24 anos, foi at\u00e9 a casa de sua irm\u00e3 e ao ser indagado pelo seu pai jogou as duas facas ao solo.<\/p>\n\n\n\n<p>A pol\u00edcia ressaltou que a guarni\u00e7\u00e3o n\u00e3o presenciou as agress\u00f5es e nem nada que possa ter acontecido em rela\u00e7\u00e3o as facas. No entanto, ap\u00f3s a revista pessoal foi encontrado em posse de Yallyson uma pequena quantidade de erva seca que se assemelha maconha e R$ 101,00 em esp\u00e9cie. <\/p>\n\n\n\n<figure class=\"wp-block-image size-large is-resized\"><img fetchpriority=\"high\" decoding=\"async\" width=\"576\" height=\"1024\" src=\"https:\/\/sgvaimudar.com.br\/wp-content\/uploads\/2025\/03\/WhatsApp-Image-2025-03-11-at-09.21.12-576x1024.jpeg\" alt=\"\" class=\"wp-image-21679\" style=\"aspect-ratio:0.5625;width:693px;height:auto\" srcset=\"https:\/\/sgvaimudar.com.br\/wp-content\/uploads\/2025\/03\/WhatsApp-Image-2025-03-11-at-09.21.12-576x1024.jpeg 576w, https:\/\/sgvaimudar.com.br\/wp-content\/uploads\/2025\/03\/WhatsApp-Image-2025-03-11-at-09.21.12-169x300.jpeg 169w, https:\/\/sgvaimudar.com.br\/wp-content\/uploads\/2025\/03\/WhatsApp-Image-2025-03-11-at-09.21.12-768x1366.jpeg 768w, https:\/\/sgvaimudar.com.br\/wp-content\/uploads\/2025\/03\/WhatsApp-Image-2025-03-11-at-09.21.12-864x1536.jpeg 864w, https:\/\/sgvaimudar.com.br\/wp-content\/uploads\/2025\/03\/WhatsApp-Image-2025-03-11-at-09.21.12.jpeg 899w\" sizes=\"(max-width: 576px) 100vw, 576px\" \/><\/figure>\n\n\n\n<p>Diante dos fatos guarni\u00e7\u00e3o procedeu a 82\u00aa DP para registro e autua\u00e7\u00e3o, onde os envolvidos foram autuados no artigo 129 do C\u00f3digo Penal (les\u00e3o corporal e ofender a integridade corporal ou a sa\u00fade de outrem) e posterior liberados.<\/p>\n\n\n\n<p><strong><em>S\u00e3o Gon\u00e7alo vai mudar: Not\u00edcias de S\u00e3o Gon\u00e7alo e toda regi\u00e3o.<\/em><\/strong><\/p>\n\n\n\n<figure class=\"wp-block-image size-full\"><img decoding=\"async\" width=\"317\" height=\"110\" src=\"https:\/\/sgvaimudar.com.br\/wp-content\/uploads\/2023\/08\/cropped-Logo-Provisoria-2-2.png\" alt=\"\" class=\"wp-image-2782\" srcset=\"https:\/\/sgvaimudar.com.br\/wp-content\/uploads\/2023\/08\/cropped-Logo-Provisoria-2-2.png 317w, https:\/\/sgvaimudar.com.br\/wp-content\/uploads\/2023\/08\/cropped-Logo-Provisoria-2-2-300x104.png 300w\" sizes=\"(max-width: 317px) 100vw, 317px\" \/><\/figure>\n","protected":false},"excerpt":{"rendered":"<p>Um homem foi detido e liberado, na tarde do \u00faltimo domingo (9\/3), depois de ser acusado de agredir a tia&hellip;<\/p>\n","protected":false},"author":5,"featured_media":21678,"comment_status":"open","ping_status":"open","sticky":false,"template":"","format":"standard","meta":{"fifu_image_url":"","fifu_image_alt":"","footnotes":""},"categories":[32],"tags":[39,41,40,47],"class_list":["post-21677","post","type-post","status-publish","format-standard","has-post-thumbnail","hentry","category-casos-de-policia","tag-ataque","tag-conflito","tag-guerra","tag-rj"],"_links":{"self":[{"href":"https:\/\/sgvaimudar.com.br\/index.php\/wp-json\/wp\/v2\/posts\/21677","targetHints":{"allow":["GET"]}}],"collection":[{"href":"https:\/\/sgvaimudar.com.br\/index.php\/wp-json\/wp\/v2\/posts"}],"about":[{"href":"https:\/\/sgvaimudar.com.br\/index.php\/wp-json\/wp\/v2\/types\/post"}],"author":[{"embeddable":true,"href":"https:\/\/sgvaimudar.com.br\/index.php\/wp-json\/wp\/v2\/users\/5"}],"replies":[{"embeddable":true,"href":"https:\/\/sgvaimudar.com.br\/index.php\/wp-json\/wp\/v2\/comments?post=21677"}],"version-history":[{"count":1,"href":"https:\/\/sgvaimudar.com.br\/index.php\/wp-json\/wp\/v2\/posts\/21677\/revisions"}],"predecessor-version":[{"id":21680,"href":"https:\/\/sgvaimudar.com.br\/index.php\/wp-json\/wp\/v2\/posts\/21677\/revisions\/21680"}],"wp:featuredmedia":[{"embeddable":true,"href":"https:\/\/sgvaimudar.com.br\/index.php\/wp-json\/wp\/v2\/media\/21678"}],"wp:attachment":[{"href":"https:\/\/sgvaimudar.com.br\/index.php\/wp-json\/wp\/v2\/media?parent=21677"}],"wp:term":[{"taxonomy":"category","embeddable":true,"href":"https:\/\/sgvaimudar.com.br\/index.php\/wp-json\/wp\/v2\/categories?post=21677"},{"taxonomy":"post_tag","embeddable":true,"href":"https:\/\/sgvaimudar.com.br\/index.php\/wp-json\/wp\/v2\/tags?post=21677"}],"curies":[{"name":"wp","href":"https:\/\/api.w.org\/{rel}","templated":true}]}}