{"id":21652,"date":"2025-03-11T12:00:00","date_gmt":"2025-03-11T15:00:00","guid":{"rendered":"https:\/\/sgvaimudar.com.br\/?p=21652"},"modified":"2025-03-11T10:44:31","modified_gmt":"2025-03-11T13:44:31","slug":"secretaria-de-saude-de-sao-goncalo-amplia-publico-para-vacina-contra-dengue","status":"publish","type":"post","link":"https:\/\/sgvaimudar.com.br\/index.php\/2025\/03\/11\/secretaria-de-saude-de-sao-goncalo-amplia-publico-para-vacina-contra-dengue\/","title":{"rendered":"Secretaria de Sa\u00fade de S\u00e3o Gon\u00e7alo amplia p\u00fablico para vacina contra dengue"},"content":{"rendered":"\n<p><em>Gon\u00e7alenses entre 10 e 16 anos podem tomar o imunizante<\/em><\/p>\n\n\n\n<p>A\u00a0Secretaria de Sa\u00fade da Prefeitura de S\u00e3o Gon\u00e7alo informou que ampliou o p\u00fablico para a vacina\u00e7\u00e3o contra a dengue. Agora, a vacina Qdenga pode ser aplicada nos gon\u00e7alenses que t\u00eam entre 10 e 16 anos. O imunizante est\u00e1 dispon\u00edvel em 58 pontos de vacina\u00e7\u00e3o. <\/p>\n\n\n\n<figure class=\"wp-block-image size-large\"><img fetchpriority=\"high\" decoding=\"async\" width=\"819\" height=\"1024\" src=\"https:\/\/sgvaimudar.com.br\/wp-content\/uploads\/2025\/03\/unnamed-1-9-819x1024.jpg\" alt=\"\" class=\"wp-image-21653\" srcset=\"https:\/\/sgvaimudar.com.br\/wp-content\/uploads\/2025\/03\/unnamed-1-9-819x1024.jpg 819w, https:\/\/sgvaimudar.com.br\/wp-content\/uploads\/2025\/03\/unnamed-1-9-240x300.jpg 240w, https:\/\/sgvaimudar.com.br\/wp-content\/uploads\/2025\/03\/unnamed-1-9-768x960.jpg 768w, https:\/\/sgvaimudar.com.br\/wp-content\/uploads\/2025\/03\/unnamed-1-9.jpg 1080w\" sizes=\"(max-width: 819px) 100vw, 819px\" \/><\/figure>\n\n\n\n<p>A maioria funciona de segunda a sexta, das 8h \u00e0s 17h. As cl\u00ednicas municipais Gon\u00e7alense do Mutondo e da Fam\u00edlia Dr. Zerbini, no Arsenal, abrem durante a semana, das 8h \u00e0s 21h. Aos s\u00e1bados, a vacina\u00e7\u00e3o ocorre somente nas cl\u00ednicas, das 8h \u00e0s 12h.<\/p>\n\n\n\n<p>A Qdenga foi incorporada ao Sistema \u00danico de Sa\u00fade (SUS) pelo Programa Nacional de Imuniza\u00e7\u00f5es (PNI). A vacina tem perfil de seguran\u00e7a para utiliza\u00e7\u00e3o no grupo adolescente, tendo sido autorizada pela Ag\u00eancia Nacional de Vigil\u00e2ncia Sanit\u00e1ria (Anvisa), recomendada pelo Minist\u00e9rio da Sa\u00fade e protege contra quatro tipos de v\u00edrus da dengue (Denv-1, Denv-2, Denv-3 e Denv-4).<\/p>\n\n\n\n<p>O imunizante \u00e9 aplicado em duas doses com intervalo de tr\u00eas meses entre a primeira e a segunda dose. A vacina contra a dengue n\u00e3o pode ser aplicada, simultaneamente, com nenhum outro imunizante. E, se o adolescente teve dengue, \u00e9 recomendado aguardar seis meses para o in\u00edcio do esquema vacinal, de acordo com o Programa Nacional de Imuniza\u00e7\u00e3o (PNI).<\/p>\n\n\n\n<p>N\u00e3o podem tomar a vacina contra a dengue quem tem alergia grave a um dos componentes, imunocomprometidos e gestantes. Para tomar a vacina, o gon\u00e7alense deve levar caderneta de vacina\u00e7\u00e3o, cart\u00e3o do SUS e CPF.<\/p>\n\n\n\n<p>\u201cPedimos aos pais que levem os seus filhos para se vacinar contra a dengue. A vacina\u00e7\u00e3o \u00e9 um ato de amor e ajuda na sa\u00fade coletiva da popula\u00e7\u00e3o. A procura est\u00e1 baixa e a popula\u00e7\u00e3o precisa se conscientizar de que toda vacina \u00e9 importante para evitar\u00a0a doen\u00e7a ou a forma grave dela. \u00c9 um verdadeiro seguro da manuten\u00e7\u00e3o da sa\u00fade\u201d, orientou a secret\u00e1ria municipal de Sa\u00fade e Defesa Civil de S\u00e3o Gon\u00e7alo, Dra. Bianca Serour.\u00a0\u00a0<\/p>\n\n\n\n<p><strong>Unidades de vacina\u00e7\u00e3o Qdenga<\/strong>:<\/p>\n\n\n\n<p>1 \u2013 Polo Sanit\u00e1rio Paulo Marques Rangel, Porto do Rosa; 2 \u2013 USF Jardim Catarina I; 3 \u2013 USF Jos\u00e9 Avelino de Souza, Tribob\u00f3; 4 \u2013 USF Agenor Jos\u00e9 da Silva, Jardim Catarina; 5 \u2013 USF Louis Pasteur, Guaxindiba; 6 \u2013 Cl\u00ednica Gon\u00e7alense do Barro Vermelho; 7 \u2013 PAM Coelho; 8 \u2013 Polo Sanit\u00e1rio Washington Luiz Lopes, Z\u00e9 Garoto.<\/p>\n\n\n\n<p>9 \u2013 USF David Capistrano, Ita\u00fana; 10 \u2013 USF Barbosa Lima Sobrinho, Boa Vista; 11 \u2013 Cl\u00ednica Gon\u00e7alense do Mutondo; 12 \u2013 USF Jos\u00e9 Bruno Neto, Boa Vista; 13 \u2013 USF Floren\u00e7a Pereira, Largo da Ideia; 14 \u2013 Polo Sanit\u00e1rio H\u00e9lio Cruz, Alc\u00e2ntara; 15 \u2013 USF Jos\u00e9 Jorge Cortes Freitas, Itaitindiba.<\/p>\n\n\n\n<p>16 \u2013 Polo Sanit\u00e1rio Rio do Ouro; 17 \u2013 USF Anaia; 18 \u2013 USF Ana Nery, Gradim; 19 \u2013 Polo Sanit\u00e1rio Jorge Teixeira de Lima, Jardim Catarina; 20 \u2013 USF Mahatma Ghandi, Jardim Calif\u00f3rnia; 21 \u2013 USF Bento da Cruz, Porto Novo; 22 \u2013 USF Altair da Silva, Mutu\u00e1; 23 \u2013 USF Madre Teresa de Calcut\u00e1, Estrela do Norte.<\/p>\n\n\n\n<p>24 \u2013 USF Juvenil Francisco Ribeiro, Engenho Pequeno; 25 \u2013 USF Fl\u00e1vio Henrique de Brito, J\u00f3quei; 26 \u2013 USF Irm\u00e3 Dulce, Trindade; 27 \u2013 USF Luiz Paulo Guimar\u00e3es, Laranjal; 28 \u2013 USF Gladys Rodrigues Ramos Freitas, Santa Isabel; 29 \u2013 USF Elza Borges, Santa Luzia; 30 \u2013 USF Oswaldo Cruz, Amendoeira; 31 \u2013 USF Ary Teixeira, Jardim Bom Retiro.<\/p>\n\n\n\n<p>32 \u2013 USF Luiz Carlos Prestes, Santa Catarina; 33 \u2013 USF Badger Silveira, Tribob\u00f3; 34 \u2013 USF Haroldo Pereira Nunes, Porto Novo; 35 \u2013 Cl\u00ednica Municipal da Fam\u00edlia Dr. Zerbini, Arsenal; 36 \u2013 USF Alexander Fleming, Boa\u00e7u; 37 \u2013 PAM Neves; 38 \u2013 USF Tancredo Neves, Luiz Ca\u00e7ador.<\/p>\n\n\n\n<p>39 \u2013 USF Geremias de Mattos Fontes, Jardim Bom Retiro; 40 \u2013 USF Quinta Dom Ricardo; 41 \u2013 USF Wally Figueiras da Silva, Rocha; 42 \u2013 USF Hiparco Ferreira, Engenho do Ro\u00e7ado; 43 \u2013 USF Almerinda; 44 \u2013 USF Lu\u00edsa de Marilac, Novo M\u00e9xico; 45 \u2013 Cl\u00ednica Municipal do Coluband\u00ea; 46 \u2013 USF Presidente Get\u00falio Vargas, Boa Vista.<\/p>\n\n\n\n<p>47 \u2013 USF Dr. Robert Koch, Porto da Madama; 48 \u2013 USF Doutel de Andrade, Maria Paula; 49 \u2013 USF Marilea Cardoso, J\u00f3quei; 50 \u2013 USF \u00c1gua Mineral; 51 \u2013 USF Adolfo Lutz, Amendoeira; 52 \u2013 USF Port\u00e3o do Rosa; 53 \u2013 USF An\u00edbal Porto, Monjolos; 54 \u2013 USF Alberto Constantino Farah, Mutu\u00e1; 55 \u2013 USF Floriano Barbosa, Jardim Catarina; 56 \u2013 USF Ita\u00fana; 57 \u2013 USF Victor Chimelly, Paiva; 58 \u2013 USF Jardel Do Amaral, Venda da Cruz.<\/p>\n\n\n\n<p><strong><em>S\u00e3o Gon\u00e7alo vai mudar: Not\u00edcias de S\u00e3o Gon\u00e7alo e toda regi\u00e3o.<\/em><\/strong><\/p>\n\n\n\n<figure class=\"wp-block-image size-full\"><img decoding=\"async\" width=\"317\" height=\"110\" src=\"https:\/\/sgvaimudar.com.br\/wp-content\/uploads\/2023\/08\/cropped-Logo-Provisoria-2-2.png\" alt=\"\" class=\"wp-image-2782\" srcset=\"https:\/\/sgvaimudar.com.br\/wp-content\/uploads\/2023\/08\/cropped-Logo-Provisoria-2-2.png 317w, https:\/\/sgvaimudar.com.br\/wp-content\/uploads\/2023\/08\/cropped-Logo-Provisoria-2-2-300x104.png 300w\" sizes=\"(max-width: 317px) 100vw, 317px\" \/><\/figure>\n","protected":false},"excerpt":{"rendered":"<p>Gon\u00e7alenses entre 10 e 16 anos podem tomar o imunizante A\u00a0Secretaria de Sa\u00fade da Prefeitura de S\u00e3o Gon\u00e7alo informou que&hellip;<\/p>\n","protected":false},"author":5,"featured_media":21654,"comment_status":"open","ping_status":"open","sticky":false,"template":"","format":"standard","meta":{"fifu_image_url":"","fifu_image_alt":"","footnotes":""},"categories":[7],"tags":[47,75],"class_list":["post-21652","post","type-post","status-publish","format-standard","has-post-thumbnail","hentry","category-saude","tag-rj","tag-sao-goncalo"],"_links":{"self":[{"href":"https:\/\/sgvaimudar.com.br\/index.php\/wp-json\/wp\/v2\/posts\/21652","targetHints":{"allow":["GET"]}}],"collection":[{"href":"https:\/\/sgvaimudar.com.br\/index.php\/wp-json\/wp\/v2\/posts"}],"about":[{"href":"https:\/\/sgvaimudar.com.br\/index.php\/wp-json\/wp\/v2\/types\/post"}],"author":[{"embeddable":true,"href":"https:\/\/sgvaimudar.com.br\/index.php\/wp-json\/wp\/v2\/users\/5"}],"replies":[{"embeddable":true,"href":"https:\/\/sgvaimudar.com.br\/index.php\/wp-json\/wp\/v2\/comments?post=21652"}],"version-history":[{"count":1,"href":"https:\/\/sgvaimudar.com.br\/index.php\/wp-json\/wp\/v2\/posts\/21652\/revisions"}],"predecessor-version":[{"id":21655,"href":"https:\/\/sgvaimudar.com.br\/index.php\/wp-json\/wp\/v2\/posts\/21652\/revisions\/21655"}],"wp:featuredmedia":[{"embeddable":true,"href":"https:\/\/sgvaimudar.com.br\/index.php\/wp-json\/wp\/v2\/media\/21654"}],"wp:attachment":[{"href":"https:\/\/sgvaimudar.com.br\/index.php\/wp-json\/wp\/v2\/media?parent=21652"}],"wp:term":[{"taxonomy":"category","embeddable":true,"href":"https:\/\/sgvaimudar.com.br\/index.php\/wp-json\/wp\/v2\/categories?post=21652"},{"taxonomy":"post_tag","embeddable":true,"href":"https:\/\/sgvaimudar.com.br\/index.php\/wp-json\/wp\/v2\/tags?post=21652"}],"curies":[{"name":"wp","href":"https:\/\/api.w.org\/{rel}","templated":true}]}}