{"id":21626,"date":"2025-03-11T09:59:00","date_gmt":"2025-03-11T12:59:00","guid":{"rendered":"https:\/\/sgvaimudar.com.br\/?p=21626"},"modified":"2025-03-11T10:10:35","modified_gmt":"2025-03-11T13:10:35","slug":"terror-na-br-101-pastor-e-diacono-morrem-baleados-em-sao-goncalo","status":"publish","type":"post","link":"https:\/\/sgvaimudar.com.br\/index.php\/2025\/03\/11\/terror-na-br-101-pastor-e-diacono-morrem-baleados-em-sao-goncalo\/","title":{"rendered":"Terror na BR-101: Pastor e di\u00e1cono morrem baleados em S\u00e3o Gon\u00e7alo"},"content":{"rendered":"\n<p><em>Um terceiro homem ficou ferido e foi socorrido para o Hospital Estadual Azevedo Lima, no Fonseca, em Niter\u00f3i. Pol\u00edcia investiga uma suposta tentativa de assalto<\/em><\/p>\n\n\n\n<p>Um ataque a tiros matou dois homens e deixou um outro ferido em S\u00e3o Gon\u00e7alo, na noite desta segunda-feira (10). O crime ocorreu na BR-101, na altura do km 310, na altura do Boa\u00e7u, perto da entrada do Salgueiro.<\/p>\n\n\n\n<p>De acordo com a PM, as v\u00edtimas s\u00e3o&nbsp;um pastor&nbsp;e&nbsp;dois di\u00e1conos&nbsp;da Igreja Nova Vida de Nova Cidade.&nbsp;Os tr\u00eas trafegavam em um Fiat Toro quando foram surpreendidos pelos criminosos, que estavam fortemente armados.<\/p>\n\n\n\n<figure class=\"wp-block-image size-large is-resized\"><img fetchpriority=\"high\" decoding=\"async\" width=\"627\" height=\"1024\" src=\"https:\/\/sgvaimudar.com.br\/wp-content\/uploads\/2025\/03\/WhatsApp-Image-2025-03-11-at-08.49.21-627x1024.jpeg\" alt=\"\" class=\"wp-image-21640\" style=\"aspect-ratio:0.6123046875;width:693px;height:auto\" srcset=\"https:\/\/sgvaimudar.com.br\/wp-content\/uploads\/2025\/03\/WhatsApp-Image-2025-03-11-at-08.49.21-627x1024.jpeg 627w, https:\/\/sgvaimudar.com.br\/wp-content\/uploads\/2025\/03\/WhatsApp-Image-2025-03-11-at-08.49.21-184x300.jpeg 184w, https:\/\/sgvaimudar.com.br\/wp-content\/uploads\/2025\/03\/WhatsApp-Image-2025-03-11-at-08.49.21.jpeg 720w\" sizes=\"(max-width: 627px) 100vw, 627px\" \/><\/figure>\n\n\n\n<p>O pastor morto foi identificado como sendo&nbsp;Luiz Carlos de Figueiredo Kamp. J\u00e1 o di\u00e1cono, que n\u00e3o resistiu aos ferimentos, foi identificado como sendo&nbsp;Saulo Farias.<\/p>\n\n\n\n<p>O outro di\u00e1cono baleado foi socorrido por uma ambul\u00e2ncia da concession\u00e1ria Autopista Fluminense e levado para o Hospital Estadual Azevedo Lima, no Fonseca, em\u00a0Niter\u00f3i. Ele passou por uma cirurgia e seu estado \u00e9 est\u00e1vel.<\/p>\n\n\n\n<p>A Delegacia de Homic\u00eddios de Niter\u00f3i e S\u00e3o Gon\u00e7alo (DHNSG) fez uma per\u00edcia no local e apura a motiva\u00e7\u00e3o do crime. Os agentes querem saber se os homens foram v\u00edtimas de uma suposta tentativa de assalto.<\/p>\n\n\n\n<p>Em nota, a Igreja Nova Vida de Nova Cidade confirmou e lamentou a morte dos dois fi\u00e9is.&nbsp;&#8220;Eles agora est\u00e3o nos bra\u00e7os do pai&#8221;, diz trecho do comunicado. Ainda n\u00e3o h\u00e1 informa\u00e7\u00f5es sobre os vel\u00f3rios e enterros.<\/p>\n\n\n\n<p><strong><em>S\u00e3o Gon\u00e7alo vai mudar: Not\u00edcias de S\u00e3o Gon\u00e7alo e toda regi\u00e3o.<\/em><\/strong><\/p>\n\n\n\n<figure class=\"wp-block-image size-full\"><img decoding=\"async\" width=\"317\" height=\"110\" src=\"https:\/\/sgvaimudar.com.br\/wp-content\/uploads\/2023\/08\/cropped-Logo-Provisoria-2-2.png\" alt=\"\" class=\"wp-image-2782\" srcset=\"https:\/\/sgvaimudar.com.br\/wp-content\/uploads\/2023\/08\/cropped-Logo-Provisoria-2-2.png 317w, https:\/\/sgvaimudar.com.br\/wp-content\/uploads\/2023\/08\/cropped-Logo-Provisoria-2-2-300x104.png 300w\" sizes=\"(max-width: 317px) 100vw, 317px\" \/><\/figure>\n","protected":false},"excerpt":{"rendered":"<p>Um terceiro homem ficou ferido e foi socorrido para o Hospital Estadual Azevedo Lima, no Fonseca, em Niter\u00f3i. Pol\u00edcia investiga&hellip;<\/p>\n","protected":false},"author":5,"featured_media":21628,"comment_status":"open","ping_status":"open","sticky":false,"template":"","format":"standard","meta":{"fifu_image_url":"","fifu_image_alt":"","footnotes":""},"categories":[32],"tags":[39,41,40,47,75],"class_list":["post-21626","post","type-post","status-publish","format-standard","has-post-thumbnail","hentry","category-casos-de-policia","tag-ataque","tag-conflito","tag-guerra","tag-rj","tag-sao-goncalo"],"_links":{"self":[{"href":"https:\/\/sgvaimudar.com.br\/index.php\/wp-json\/wp\/v2\/posts\/21626","targetHints":{"allow":["GET"]}}],"collection":[{"href":"https:\/\/sgvaimudar.com.br\/index.php\/wp-json\/wp\/v2\/posts"}],"about":[{"href":"https:\/\/sgvaimudar.com.br\/index.php\/wp-json\/wp\/v2\/types\/post"}],"author":[{"embeddable":true,"href":"https:\/\/sgvaimudar.com.br\/index.php\/wp-json\/wp\/v2\/users\/5"}],"replies":[{"embeddable":true,"href":"https:\/\/sgvaimudar.com.br\/index.php\/wp-json\/wp\/v2\/comments?post=21626"}],"version-history":[{"count":4,"href":"https:\/\/sgvaimudar.com.br\/index.php\/wp-json\/wp\/v2\/posts\/21626\/revisions"}],"predecessor-version":[{"id":21651,"href":"https:\/\/sgvaimudar.com.br\/index.php\/wp-json\/wp\/v2\/posts\/21626\/revisions\/21651"}],"wp:featuredmedia":[{"embeddable":true,"href":"https:\/\/sgvaimudar.com.br\/index.php\/wp-json\/wp\/v2\/media\/21628"}],"wp:attachment":[{"href":"https:\/\/sgvaimudar.com.br\/index.php\/wp-json\/wp\/v2\/media?parent=21626"}],"wp:term":[{"taxonomy":"category","embeddable":true,"href":"https:\/\/sgvaimudar.com.br\/index.php\/wp-json\/wp\/v2\/categories?post=21626"},{"taxonomy":"post_tag","embeddable":true,"href":"https:\/\/sgvaimudar.com.br\/index.php\/wp-json\/wp\/v2\/tags?post=21626"}],"curies":[{"name":"wp","href":"https:\/\/api.w.org\/{rel}","templated":true}]}}