{"id":21614,"date":"2025-03-10T21:00:00","date_gmt":"2025-03-11T00:00:00","guid":{"rendered":"https:\/\/sgvaimudar.com.br\/?p=21614"},"modified":"2025-03-10T06:58:45","modified_gmt":"2025-03-10T09:58:45","slug":"coreia-do-norte-condena-exercicios-militares-de-eua-e-coreia-do-sul-e-alerta-para-risco-de-guerra","status":"publish","type":"post","link":"https:\/\/sgvaimudar.com.br\/index.php\/2025\/03\/10\/coreia-do-norte-condena-exercicios-militares-de-eua-e-coreia-do-sul-e-alerta-para-risco-de-guerra\/","title":{"rendered":"Coreia do Norte condena exerc\u00edcios militares de EUA e Coreia do Sul e alerta para risco de guerra"},"content":{"rendered":"\n<p>Governo norte-coreano critica manobras conjuntas e fala em &#8216;provoca\u00e7\u00e3o&#8217; capaz de desencadear conflito<\/p>\n\n\n\n<p>Coreia do Norte condenou nesta segunda-feira (10, noite de domingo no Brasil) os exerc\u00edcios militares conjuntos de Washington e Seul como um &#8220;ato de provoca\u00e7\u00e3o&#8221;, e alertou sobre o perigo de desencadear uma guerra com &#8220;apenas um tiro acidental&#8221;.<\/p>\n\n\n\n<p>&#8220;Isto \u00e9 um ato perigoso de provoca\u00e7\u00e3o na situa\u00e7\u00e3o aguda da pen\u00ednsula coreana, que pode desencadear um conflito f\u00edsico entre as duas partes com apenas um tiro acidental&#8221;, declarou o Minist\u00e9rio das Rela\u00e7\u00f5es Exteriores norte-coreano, citado por meios estatais.<\/p>\n\n\n\n<p>Os exerc\u00edcios Escudo de Liberdade 2025 entre os Estados Unidos e a Coreia do Sul est\u00e3o programados para come\u00e7ar na segunda-feira e envolvem &#8220;treinamentos ao vivo, virtuais e de campo&#8221;, segundo um comunicado americano. As manobras se estender\u00e3o at\u00e9 21 de mar\u00e7o.<\/p>\n\n\n\n<p>A coopera\u00e7\u00e3o militar entre Seul e Washington geralmente provoca condena\u00e7\u00f5es de Pyongyang, cujo governo qualifica as manobras como preparativos para uma invas\u00e3o.<\/p>\n\n\n\n<p>As rela\u00e7\u00f5es entre as duas Coreias est\u00e3o em um de seus pontos mais baixos em anos, depois que o Norte lan\u00e7ou no ano passado uma onda de m\u00edsseis bal\u00edsticos em viola\u00e7\u00e3o das san\u00e7\u00f5es da ONU.<\/p>\n\n\n\n<p>Os exerc\u00edcios Escudo de Liberdade s\u00e3o realizados anualmente e est\u00e3o entre os maiores executados pela Coreia do Sul e Estados Unidos.<\/p>\n\n\n\n<p>O Minist\u00e9rio das Rela\u00e7\u00f5es Exteriores norte-coreano os qualificou como &#8220;uma simula\u00e7\u00e3o de guerra agressiva e beligerante&#8221;.<\/p>\n\n\n\n<p><em>Fonte CNN<\/em><\/p>\n\n\n\n<figure class=\"wp-block-image size-full\"><img decoding=\"async\" width=\"317\" height=\"110\" src=\"https:\/\/sgvaimudar.com.br\/wp-content\/uploads\/2023\/08\/cropped-Logo-Provisoria-2-2.png\" alt=\"\" class=\"wp-image-2782\" srcset=\"https:\/\/sgvaimudar.com.br\/wp-content\/uploads\/2023\/08\/cropped-Logo-Provisoria-2-2.png 317w, https:\/\/sgvaimudar.com.br\/wp-content\/uploads\/2023\/08\/cropped-Logo-Provisoria-2-2-300x104.png 300w\" sizes=\"(max-width: 317px) 100vw, 317px\" \/><\/figure>\n","protected":false},"excerpt":{"rendered":"<p>Governo norte-coreano critica manobras conjuntas e fala em &#8216;provoca\u00e7\u00e3o&#8217; capaz de desencadear conflito Coreia do Norte condenou nesta segunda-feira (10,&hellip;<\/p>\n","protected":false},"author":5,"featured_media":21615,"comment_status":"open","ping_status":"open","sticky":false,"template":"","format":"standard","meta":{"fifu_image_url":"","fifu_image_alt":"","footnotes":""},"categories":[1],"tags":[39,41,40],"class_list":["post-21614","post","type-post","status-publish","format-standard","has-post-thumbnail","hentry","category-mundo","tag-ataque","tag-conflito","tag-guerra"],"_links":{"self":[{"href":"https:\/\/sgvaimudar.com.br\/index.php\/wp-json\/wp\/v2\/posts\/21614","targetHints":{"allow":["GET"]}}],"collection":[{"href":"https:\/\/sgvaimudar.com.br\/index.php\/wp-json\/wp\/v2\/posts"}],"about":[{"href":"https:\/\/sgvaimudar.com.br\/index.php\/wp-json\/wp\/v2\/types\/post"}],"author":[{"embeddable":true,"href":"https:\/\/sgvaimudar.com.br\/index.php\/wp-json\/wp\/v2\/users\/5"}],"replies":[{"embeddable":true,"href":"https:\/\/sgvaimudar.com.br\/index.php\/wp-json\/wp\/v2\/comments?post=21614"}],"version-history":[{"count":1,"href":"https:\/\/sgvaimudar.com.br\/index.php\/wp-json\/wp\/v2\/posts\/21614\/revisions"}],"predecessor-version":[{"id":21616,"href":"https:\/\/sgvaimudar.com.br\/index.php\/wp-json\/wp\/v2\/posts\/21614\/revisions\/21616"}],"wp:featuredmedia":[{"embeddable":true,"href":"https:\/\/sgvaimudar.com.br\/index.php\/wp-json\/wp\/v2\/media\/21615"}],"wp:attachment":[{"href":"https:\/\/sgvaimudar.com.br\/index.php\/wp-json\/wp\/v2\/media?parent=21614"}],"wp:term":[{"taxonomy":"category","embeddable":true,"href":"https:\/\/sgvaimudar.com.br\/index.php\/wp-json\/wp\/v2\/categories?post=21614"},{"taxonomy":"post_tag","embeddable":true,"href":"https:\/\/sgvaimudar.com.br\/index.php\/wp-json\/wp\/v2\/tags?post=21614"}],"curies":[{"name":"wp","href":"https:\/\/api.w.org\/{rel}","templated":true}]}}