{"id":21611,"date":"2025-03-10T19:00:00","date_gmt":"2025-03-10T22:00:00","guid":{"rendered":"https:\/\/sgvaimudar.com.br\/?p=21611"},"modified":"2025-03-10T06:55:23","modified_gmt":"2025-03-10T09:55:23","slug":"prefeitura-convoca-pre-inscritos-para-atualizacao-cadastral-de-apartamentos-no-badu","status":"publish","type":"post","link":"https:\/\/sgvaimudar.com.br\/index.php\/2025\/03\/10\/prefeitura-convoca-pre-inscritos-para-atualizacao-cadastral-de-apartamentos-no-badu\/","title":{"rendered":"Prefeitura convoca pr\u00e9-inscritos para atualiza\u00e7\u00e3o cadastral de apartamentos no Badu"},"content":{"rendered":"\n<p><em>Prazo para apresenta\u00e7\u00e3o dos documentos vai at\u00e9 31 de mar\u00e7o<\/em><\/p>\n\n\n\n<p>A Prefeitura de Niter\u00f3i, por meio da Secretaria Municipal de Habita\u00e7\u00e3o e Regulariza\u00e7\u00e3o Fundi\u00e1ria (SMHRF), est\u00e1 convocando os pr\u00e9-inscritos no empreendimento habitacional Jardim das Paineiras para atualiza\u00e7\u00e3o cadastral.<\/p>\n\n\n\n<p>Os convocados devem comparecer \u00e0 sede da Secretaria, localizada na Pra\u00e7a Fonseca Ramos, s\/n\u00ba, 5\u00ba andar, no Centro de Niter\u00f3i, entre os dias 10 e 31 de mar\u00e7o, das 10h \u00e0s 16h. \u00c9 necess\u00e1rio apresentar os seguintes documentos: identidade e cpf do titular, c\u00f4njuge e dependentes; certid\u00e3o de estado civil; folha resumo do Cras (com numera\u00e7\u00e3o de NIS); comprovante de resid\u00eancia e comprovante de renda mensal at\u00e9 R$ 2.850,00.<\/p>\n\n\n\n<p>A atualiza\u00e7\u00e3o cadastral \u00e9 obrigat\u00f3ria. O n\u00e3o comparecimento dentro do prazo ou a aus\u00eancia de qualquer documento exigido resultar\u00e1 na desclassifica\u00e7\u00e3o autom\u00e1tica do candidato.<\/p>\n\n\n\n<p>A Prefeitura de Niter\u00f3i est\u00e1 investindo R$ 15 milh\u00f5es na constru\u00e7\u00e3o dos apartamentos. Os beneficiados s\u00e3o pessoas em situa\u00e7\u00e3o de vulnerabilidade social j\u00e1 cadastradas pelo Munic\u00edpio. Al\u00e9m disso, a Empresa de Infraestrutura e Obras de Niter\u00f3i (ION) est\u00e1 executando dois projetos de urbaniza\u00e7\u00e3o em vias importantes do Badu, que d\u00e3o acesso a empreendimentos habitacionais da regi\u00e3o. <\/p>\n\n\n\n<p>Um dos projetos, no entorno do condom\u00ednio Jardim das Paineiras, inclui obras de drenagem, pavimenta\u00e7\u00e3o, al\u00e9m da implanta\u00e7\u00e3o de cal\u00e7adas e meios-fios no in\u00edcio da Estrada da Fazendinha at\u00e9 a Rua Sem Nome, com um investimento de R$ 5,1 milh\u00f5es.<\/p>\n\n\n\n<p><strong><em>S\u00e3o Gon\u00e7alo vai mudar: Not\u00edcias de S\u00e3o Gon\u00e7alo e toda regi\u00e3o.<\/em><\/strong><\/p>\n\n\n\n<figure class=\"wp-block-image size-full\"><img decoding=\"async\" width=\"317\" height=\"110\" src=\"https:\/\/sgvaimudar.com.br\/wp-content\/uploads\/2023\/08\/cropped-Logo-Provisoria-2-2.png\" alt=\"\" class=\"wp-image-2782\" srcset=\"https:\/\/sgvaimudar.com.br\/wp-content\/uploads\/2023\/08\/cropped-Logo-Provisoria-2-2.png 317w, https:\/\/sgvaimudar.com.br\/wp-content\/uploads\/2023\/08\/cropped-Logo-Provisoria-2-2-300x104.png 300w\" sizes=\"(max-width: 317px) 100vw, 317px\" \/><\/figure>\n","protected":false},"excerpt":{"rendered":"<p>Prazo para apresenta\u00e7\u00e3o dos documentos vai at\u00e9 31 de mar\u00e7o A Prefeitura de Niter\u00f3i, por meio da Secretaria Municipal de&hellip;<\/p>\n","protected":false},"author":5,"featured_media":21612,"comment_status":"open","ping_status":"open","sticky":false,"template":"","format":"standard","meta":{"fifu_image_url":"","fifu_image_alt":"","footnotes":""},"categories":[34],"tags":[],"class_list":["post-21611","post","type-post","status-publish","format-standard","has-post-thumbnail","hentry","category-niteroi"],"_links":{"self":[{"href":"https:\/\/sgvaimudar.com.br\/index.php\/wp-json\/wp\/v2\/posts\/21611","targetHints":{"allow":["GET"]}}],"collection":[{"href":"https:\/\/sgvaimudar.com.br\/index.php\/wp-json\/wp\/v2\/posts"}],"about":[{"href":"https:\/\/sgvaimudar.com.br\/index.php\/wp-json\/wp\/v2\/types\/post"}],"author":[{"embeddable":true,"href":"https:\/\/sgvaimudar.com.br\/index.php\/wp-json\/wp\/v2\/users\/5"}],"replies":[{"embeddable":true,"href":"https:\/\/sgvaimudar.com.br\/index.php\/wp-json\/wp\/v2\/comments?post=21611"}],"version-history":[{"count":1,"href":"https:\/\/sgvaimudar.com.br\/index.php\/wp-json\/wp\/v2\/posts\/21611\/revisions"}],"predecessor-version":[{"id":21613,"href":"https:\/\/sgvaimudar.com.br\/index.php\/wp-json\/wp\/v2\/posts\/21611\/revisions\/21613"}],"wp:featuredmedia":[{"embeddable":true,"href":"https:\/\/sgvaimudar.com.br\/index.php\/wp-json\/wp\/v2\/media\/21612"}],"wp:attachment":[{"href":"https:\/\/sgvaimudar.com.br\/index.php\/wp-json\/wp\/v2\/media?parent=21611"}],"wp:term":[{"taxonomy":"category","embeddable":true,"href":"https:\/\/sgvaimudar.com.br\/index.php\/wp-json\/wp\/v2\/categories?post=21611"},{"taxonomy":"post_tag","embeddable":true,"href":"https:\/\/sgvaimudar.com.br\/index.php\/wp-json\/wp\/v2\/tags?post=21611"}],"curies":[{"name":"wp","href":"https:\/\/api.w.org\/{rel}","templated":true}]}}