{"id":21608,"date":"2025-03-10T17:00:00","date_gmt":"2025-03-10T20:00:00","guid":{"rendered":"https:\/\/sgvaimudar.com.br\/?p=21608"},"modified":"2025-03-10T06:50:16","modified_gmt":"2025-03-10T09:50:16","slug":"jovem-de-22-anos-morre-atropelada-na-barra-da-tijuca","status":"publish","type":"post","link":"https:\/\/sgvaimudar.com.br\/index.php\/2025\/03\/10\/jovem-de-22-anos-morre-atropelada-na-barra-da-tijuca\/","title":{"rendered":"Jovem de 22 anos morre atropelada na Barra da Tijuca"},"content":{"rendered":"\n<p><em>O acidente aconteceu na Avenida Ministro Ivan Lins, na pista sentido Recreio<\/em><\/p>\n\n\n\n<p>Uma mulher de 22 anos morreu ao ser atropelada por um carro na madrugada deste domingo (9),\u00a0na Avenida Ministro Ivan Lins, Barra da Tijuca, Zona Oeste do Rio.\u00a0<\/p>\n\n\n\n<p>Bombeiros foram acionados \u00e0s 4h03 mas, ao chegarem no local, encontraram Luciana Oliveira de Agripino j\u00e1 sem vida. O corpo foi recolhido e encaminhado ao Instituto M\u00e9dico Legal (IML) do Centro. Ainda n\u00e3o h\u00e1 informa\u00e7\u00f5es sobre o sepultamento.<\/p>\n\n\n\n<p>O atropelamento ocorreu na pista sentido Recreio, na altura do n\u00famero 125.\u00a0O caso foi registrado na\u00a016\u00aa DP (Barra da Tijuca), a\u00a0per\u00edcia foi realizada no local e os agentes ouviram o condutor. Segundo a Pol\u00edcia Civil, as investiga\u00e7\u00f5es est\u00e3o em andamento.<\/p>\n\n\n\n<p><em>Fonte: O Dia<\/em><\/p>\n\n\n\n<p><strong><em>S\u00e3o Gon\u00e7alo vai mudar: Not\u00edcias de S\u00e3o Gon\u00e7alo e toda regi\u00e3o.<\/em><\/strong><\/p>\n\n\n\n<figure class=\"wp-block-image size-full\"><img decoding=\"async\" width=\"317\" height=\"110\" src=\"https:\/\/sgvaimudar.com.br\/wp-content\/uploads\/2023\/08\/cropped-Logo-Provisoria-2-2.png\" alt=\"\" class=\"wp-image-2782\" srcset=\"https:\/\/sgvaimudar.com.br\/wp-content\/uploads\/2023\/08\/cropped-Logo-Provisoria-2-2.png 317w, https:\/\/sgvaimudar.com.br\/wp-content\/uploads\/2023\/08\/cropped-Logo-Provisoria-2-2-300x104.png 300w\" sizes=\"(max-width: 317px) 100vw, 317px\" \/><\/figure>\n","protected":false},"excerpt":{"rendered":"<p>O acidente aconteceu na Avenida Ministro Ivan Lins, na pista sentido Recreio Uma mulher de 22 anos morreu ao ser&hellip;<\/p>\n","protected":false},"author":5,"featured_media":21609,"comment_status":"open","ping_status":"open","sticky":false,"template":"","format":"standard","meta":{"fifu_image_url":"","fifu_image_alt":"","footnotes":""},"categories":[32],"tags":[47],"class_list":["post-21608","post","type-post","status-publish","format-standard","has-post-thumbnail","hentry","category-casos-de-policia","tag-rj"],"_links":{"self":[{"href":"https:\/\/sgvaimudar.com.br\/index.php\/wp-json\/wp\/v2\/posts\/21608","targetHints":{"allow":["GET"]}}],"collection":[{"href":"https:\/\/sgvaimudar.com.br\/index.php\/wp-json\/wp\/v2\/posts"}],"about":[{"href":"https:\/\/sgvaimudar.com.br\/index.php\/wp-json\/wp\/v2\/types\/post"}],"author":[{"embeddable":true,"href":"https:\/\/sgvaimudar.com.br\/index.php\/wp-json\/wp\/v2\/users\/5"}],"replies":[{"embeddable":true,"href":"https:\/\/sgvaimudar.com.br\/index.php\/wp-json\/wp\/v2\/comments?post=21608"}],"version-history":[{"count":1,"href":"https:\/\/sgvaimudar.com.br\/index.php\/wp-json\/wp\/v2\/posts\/21608\/revisions"}],"predecessor-version":[{"id":21610,"href":"https:\/\/sgvaimudar.com.br\/index.php\/wp-json\/wp\/v2\/posts\/21608\/revisions\/21610"}],"wp:featuredmedia":[{"embeddable":true,"href":"https:\/\/sgvaimudar.com.br\/index.php\/wp-json\/wp\/v2\/media\/21609"}],"wp:attachment":[{"href":"https:\/\/sgvaimudar.com.br\/index.php\/wp-json\/wp\/v2\/media?parent=21608"}],"wp:term":[{"taxonomy":"category","embeddable":true,"href":"https:\/\/sgvaimudar.com.br\/index.php\/wp-json\/wp\/v2\/categories?post=21608"},{"taxonomy":"post_tag","embeddable":true,"href":"https:\/\/sgvaimudar.com.br\/index.php\/wp-json\/wp\/v2\/tags?post=21608"}],"curies":[{"name":"wp","href":"https:\/\/api.w.org\/{rel}","templated":true}]}}