{"id":21588,"date":"2025-03-10T10:00:00","date_gmt":"2025-03-10T13:00:00","guid":{"rendered":"https:\/\/sgvaimudar.com.br\/?p=21588"},"modified":"2025-03-10T05:32:33","modified_gmt":"2025-03-10T08:32:33","slug":"em-sao-goncalo-cinema-na-praca-reune-familias-de-santa-izabel-e-do-bandeirantes","status":"publish","type":"post","link":"https:\/\/sgvaimudar.com.br\/index.php\/2025\/03\/10\/em-sao-goncalo-cinema-na-praca-reune-familias-de-santa-izabel-e-do-bandeirantes\/","title":{"rendered":"Em S\u00e3o Gon\u00e7alo, cinema na pra\u00e7a re\u00fane fam\u00edlias de Santa Izabel e do Bandeirantes"},"content":{"rendered":"\n<p><em>Projeto foi contemplado pela Lei Paulo Gustavo. Veja a programa\u00e7\u00e3o do m\u00eas que vai passar no seu bairro<\/em><\/p>\n\n\n\n<p>Os moradores de Santa Izabel tiveram uma tarde diferente neste fim de semana (s\u00e1bado, 08). Eles se reuniram na pra\u00e7a do bairro para um dia de lazer e cultura atrav\u00e9s do projeto Cinema Para Todos, que teve in\u00edcio em S\u00e3o Gon\u00e7alo e seguiu neste domingo (09), para os gon\u00e7alenses do bairro Bandeirantes que tamb\u00e9m puderam aproveitar a tarde de exibi\u00e7\u00e3o da s\u00e9tima arte.<\/p>\n\n\n\n<p>Segundo a Prefeitura, a programa\u00e7\u00e3o continuar\u00e1 em todos os finais de semana de mar\u00e7o em bairros diferentes, sempre a partir das 15h. Todas as exibi\u00e7\u00f5es s\u00e3o ao ar livre e gratuitas.<\/p>\n\n\n\n<p>Em Santa Izabel, os moradores assistiram \u00e0 apresenta\u00e7\u00e3o sobre o projeto Cinema Para Todos, que entrega acesso \u00e0 arte com sess\u00f5es de cinema para toda a fam\u00edlia. Logo ap\u00f3s, veio o curta-metragem \u201cN\u00e3o Desista dos Seus Sonhos\u201d, que levou uma mensagem motivacional e foi seguido por uma din\u00e2mica com as crian\u00e7as. Para encerrar, as fam\u00edlias assistiram ao filme \u201cDivertida Mente 2\u201d, sucesso mundial da Disney e Pixar.<\/p>\n\n\n\n<figure class=\"wp-block-image size-full\"><img fetchpriority=\"high\" decoding=\"async\" width=\"1024\" height=\"681\" src=\"https:\/\/sgvaimudar.com.br\/wp-content\/uploads\/2025\/03\/unnamed-13.jpg\" alt=\"\" class=\"wp-image-21589\" srcset=\"https:\/\/sgvaimudar.com.br\/wp-content\/uploads\/2025\/03\/unnamed-13.jpg 1024w, https:\/\/sgvaimudar.com.br\/wp-content\/uploads\/2025\/03\/unnamed-13-300x200.jpg 300w, https:\/\/sgvaimudar.com.br\/wp-content\/uploads\/2025\/03\/unnamed-13-768x511.jpg 768w\" sizes=\"(max-width: 1024px) 100vw, 1024px\" \/><\/figure>\n\n\n\n<p>A sess\u00e3o de cinema ainda contou com a distribui\u00e7\u00e3o de pipoca e guaran\u00e1 natural, tornando a experi\u00eancia de ir ao \u201ccinema\u201d completa.<\/p>\n\n\n\n<p>A dona de casa Elaine de \u00c1vila Soares, de 45 anos, foi s\u00f3 elogios para a atividade e espera que o projeto volte mais vezes ao bairro. \u201cVi no Instagram que ia ter. Me preparei e vim. Divers\u00e3o para minha filha e vou comemorar o Dia da Mulher com um filme, pipoca e guaran\u00e1. Estou achando bacana e o melhor que \u00e9 perto de casa. Sempre aproveito as a\u00e7\u00f5es da Prefeitura. Quando veio a Caravana de Arte e Lazer, eu tamb\u00e9m participei\u201d, concluiu a dona de casa.\u00a0<\/p>\n\n\n\n<p>A tarde de lazer e entretenimento \u00e9 realizada com apoio do Minist\u00e9rio da Cultura, da Secretaria de Turismo e Cultura da Prefeitura de S\u00e3o Gon\u00e7alo e do Governo Federal, atrav\u00e9s da Lei Paulo Gustavo, refor\u00e7ando o compromisso com a democratiza\u00e7\u00e3o do acesso \u00e0 cultura e a valoriza\u00e7\u00e3o do audiovisual.\u00a0<\/p>\n\n\n\n<p><strong>Programa\u00e7\u00e3o na Pra\u00e7a dos Bandeirantes foi a seguinte:<\/strong><\/p>\n\n\n\n<p><em>15h40 &#8211; Apresenta\u00e7\u00e3o do projeto<\/em><\/p>\n\n\n\n<p><em>16h &#8211; Curta N\u00e3o desista Dos Seus Sonhos<\/em><\/p>\n\n\n\n<p><em>16h30 &#8211; Din\u00e2mica&nbsp;<\/em><\/p>\n\n\n\n<p><em>17h &#8211; Filme Divertida Mente 2<\/em><\/p>\n\n\n\n<p><strong>Programa\u00e7\u00e3o do m\u00eas:<\/strong><\/p>\n\n\n\n<p><em>Hor\u00e1rio: 15h \u00e0s 20h<\/em><\/p>\n\n\n\n<p><em>15 de mar\u00e7o: Pra\u00e7a Chico Mendes<\/em><\/p>\n\n\n\n<p><em>16 de mar\u00e7o: Pra\u00e7a Engenho do Ro\u00e7ado<\/em><\/p>\n\n\n\n<p><em>22 de mar\u00e7o: Pra\u00e7a do Rocha<\/em><\/p>\n\n\n\n<p><em>23 de mar\u00e7o: Pra\u00e7a do Capote<\/em><\/p>\n\n\n\n<p><em>29 de mar\u00e7o: Pra\u00e7a do Engenho Pequeno<\/em><\/p>\n\n\n\n<p><em>30 de mar\u00e7o: Pra\u00e7a do Zumbi<\/em>l com a Ronda Escolar, com os m\u00fasicos M\u00e1rcio Mattos e Paulo Alves\u201d, explicou a subsecret\u00e1ria.<\/p>\n\n\n\n<p><strong><em>S\u00e3o Gon\u00e7alo vai mudar: Not\u00edcias de S\u00e3o Gon\u00e7alo e toda regi\u00e3o.<\/em><\/strong><\/p>\n\n\n\n<figure class=\"wp-block-image size-full\"><img decoding=\"async\" width=\"317\" height=\"110\" src=\"https:\/\/sgvaimudar.com.br\/wp-content\/uploads\/2023\/08\/cropped-Logo-Provisoria-2-2.png\" alt=\"\" class=\"wp-image-2782\" srcset=\"https:\/\/sgvaimudar.com.br\/wp-content\/uploads\/2023\/08\/cropped-Logo-Provisoria-2-2.png 317w, https:\/\/sgvaimudar.com.br\/wp-content\/uploads\/2023\/08\/cropped-Logo-Provisoria-2-2-300x104.png 300w\" sizes=\"(max-width: 317px) 100vw, 317px\" \/><\/figure>\n","protected":false},"excerpt":{"rendered":"<p>Projeto foi contemplado pela Lei Paulo Gustavo. Veja a programa\u00e7\u00e3o do m\u00eas que vai passar no seu bairro Os moradores&hellip;<\/p>\n","protected":false},"author":5,"featured_media":21590,"comment_status":"open","ping_status":"open","sticky":false,"template":"","format":"standard","meta":{"fifu_image_url":"","fifu_image_alt":"","footnotes":""},"categories":[6],"tags":[47,75],"class_list":["post-21588","post","type-post","status-publish","format-standard","has-post-thumbnail","hentry","category-entretenimento","tag-rj","tag-sao-goncalo"],"_links":{"self":[{"href":"https:\/\/sgvaimudar.com.br\/index.php\/wp-json\/wp\/v2\/posts\/21588","targetHints":{"allow":["GET"]}}],"collection":[{"href":"https:\/\/sgvaimudar.com.br\/index.php\/wp-json\/wp\/v2\/posts"}],"about":[{"href":"https:\/\/sgvaimudar.com.br\/index.php\/wp-json\/wp\/v2\/types\/post"}],"author":[{"embeddable":true,"href":"https:\/\/sgvaimudar.com.br\/index.php\/wp-json\/wp\/v2\/users\/5"}],"replies":[{"embeddable":true,"href":"https:\/\/sgvaimudar.com.br\/index.php\/wp-json\/wp\/v2\/comments?post=21588"}],"version-history":[{"count":1,"href":"https:\/\/sgvaimudar.com.br\/index.php\/wp-json\/wp\/v2\/posts\/21588\/revisions"}],"predecessor-version":[{"id":21591,"href":"https:\/\/sgvaimudar.com.br\/index.php\/wp-json\/wp\/v2\/posts\/21588\/revisions\/21591"}],"wp:featuredmedia":[{"embeddable":true,"href":"https:\/\/sgvaimudar.com.br\/index.php\/wp-json\/wp\/v2\/media\/21590"}],"wp:attachment":[{"href":"https:\/\/sgvaimudar.com.br\/index.php\/wp-json\/wp\/v2\/media?parent=21588"}],"wp:term":[{"taxonomy":"category","embeddable":true,"href":"https:\/\/sgvaimudar.com.br\/index.php\/wp-json\/wp\/v2\/categories?post=21588"},{"taxonomy":"post_tag","embeddable":true,"href":"https:\/\/sgvaimudar.com.br\/index.php\/wp-json\/wp\/v2\/tags?post=21588"}],"curies":[{"name":"wp","href":"https:\/\/api.w.org\/{rel}","templated":true}]}}