{"id":21574,"date":"2025-03-09T11:00:00","date_gmt":"2025-03-09T14:00:00","guid":{"rendered":"https:\/\/sgvaimudar.com.br\/?p=21574"},"modified":"2025-03-09T05:41:08","modified_gmt":"2025-03-09T08:41:08","slug":"passageiro-de-app-fica-tetraplegico-apos-acidente-em-niteroi","status":"publish","type":"post","link":"https:\/\/sgvaimudar.com.br\/index.php\/2025\/03\/09\/passageiro-de-app-fica-tetraplegico-apos-acidente-em-niteroi\/","title":{"rendered":"Passageiro de app fica tetrapl\u00e9gico ap\u00f3s acidente em Niter\u00f3i"},"content":{"rendered":"\n<p><em>Motorista n\u00e3o tinha habilita\u00e7\u00e3o e usava cadastro do pai<\/em><\/p>\n\n\n\n<p>Um acidente envolvendo um motorista de aplicativo deixou o passageiro Maycom Batista, de 25 anos, tetrapl\u00e9gico na \u00faltima quarta-feira (5), em Niter\u00f3i., ap\u00f3s colidir contra um \u00f4nibus que estava parado no bairro de Santa B\u00e1rbara. De acordo com as investiga\u00e7\u00f5es da Pol\u00edcia Civil, o condutor n\u00e3o tinha habilita\u00e7\u00e3o e nem era cadastrado na plataforma 99. Ele usava os dados do pai.<\/p>\n\n\n\n<p>Segundo informa\u00e7\u00f5es da irm\u00e3 da v\u00edtima, Bianca Batista, Maycom havia solicitado um carro de aplicativo junto com um amigo no centro de Niter\u00f3i com destino ao bairro Maria Paula, onde reside. Durante o percurso, o motorista dirigia em alta velocidade quando bateu no coletivo, ainda de acordo com Bianca.<\/p>\n\n\n\n<figure class=\"wp-block-image size-full\"><img fetchpriority=\"high\" decoding=\"async\" width=\"778\" height=\"482\" src=\"https:\/\/sgvaimudar.com.br\/wp-content\/uploads\/2025\/03\/acidente.jpg\" alt=\"\" class=\"wp-image-21576\" srcset=\"https:\/\/sgvaimudar.com.br\/wp-content\/uploads\/2025\/03\/acidente.jpg 778w, https:\/\/sgvaimudar.com.br\/wp-content\/uploads\/2025\/03\/acidente-300x186.jpg 300w, https:\/\/sgvaimudar.com.br\/wp-content\/uploads\/2025\/03\/acidente-768x476.jpg 768w\" sizes=\"(max-width: 778px) 100vw, 778px\" \/><\/figure>\n\n\n\n<p>Maycom, que trabalhava como porteiro, foi levado inicialmente ao Hospital Estadual Azevedo Lima (Heal), no Fonseca, Zona Norte da cidade, mas precisou ser transferido em seguida para o Hospital Estadual Alberto Torres (Heat), em S\u00e3o Gon\u00e7alo, por ser especializado em traumas.\u00a0<\/p>\n\n\n\n<p>&#8220;Realizaram a tomografia, que constatou a les\u00e3o cervical e a tetraplegia. Ele fez a cirurgia, mas teve a perda dos movimentos&#8221;, afirmou a irm\u00e3.<\/p>\n\n\n\n<p>De acordo com a Pol\u00edcia Civil, o motorista permaneceu no local do acidente e confirmou que ele utilizava os dados do pai para usar a plataforma de transporte 99, j\u00e1 que n\u00e3o possu\u00eda habilita\u00e7\u00e3o.<\/p>\n\n\n\n<p>O caso foi registrado na 78\u00aa DP (Fonseca), onde o condutor vai responder por les\u00e3o corporal e por dirigir sem habilita\u00e7\u00e3o. As investiga\u00e7\u00f5es seguem em andamento, segundo a Pol\u00edcia Civil. A corpora\u00e7\u00e3o n\u00e3o esclareceu, no entanto, se o motorista est\u00e1 preso ou se responde em liberdade, e nem se o pai, propriet\u00e1rio do ve\u00edculo e cadastrado no aplicativo, poder\u00e1 responder por algum crime.<\/p>\n\n\n\n<p><em>Fonte: enfoco<\/em><\/p>\n\n\n\n<p><strong><em>S\u00e3o Gon\u00e7alo vai mudar: Not\u00edcias de S\u00e3o Gon\u00e7alo e toda regi\u00e3o.<\/em><\/strong><\/p>\n\n\n\n<figure class=\"wp-block-image size-full\"><img decoding=\"async\" width=\"317\" height=\"110\" src=\"https:\/\/sgvaimudar.com.br\/wp-content\/uploads\/2023\/08\/cropped-Logo-Provisoria-2-2.png\" alt=\"\" class=\"wp-image-2782\" srcset=\"https:\/\/sgvaimudar.com.br\/wp-content\/uploads\/2023\/08\/cropped-Logo-Provisoria-2-2.png 317w, https:\/\/sgvaimudar.com.br\/wp-content\/uploads\/2023\/08\/cropped-Logo-Provisoria-2-2-300x104.png 300w\" sizes=\"(max-width: 317px) 100vw, 317px\" \/><\/figure>\n","protected":false},"excerpt":{"rendered":"<p>Motorista n\u00e3o tinha habilita\u00e7\u00e3o e usava cadastro do pai Um acidente envolvendo um motorista de aplicativo deixou o passageiro Maycom&hellip;<\/p>\n","protected":false},"author":5,"featured_media":21575,"comment_status":"open","ping_status":"open","sticky":false,"template":"","format":"standard","meta":{"fifu_image_url":"","fifu_image_alt":"","footnotes":""},"categories":[32],"tags":[47],"class_list":["post-21574","post","type-post","status-publish","format-standard","has-post-thumbnail","hentry","category-casos-de-policia","tag-rj"],"_links":{"self":[{"href":"https:\/\/sgvaimudar.com.br\/index.php\/wp-json\/wp\/v2\/posts\/21574","targetHints":{"allow":["GET"]}}],"collection":[{"href":"https:\/\/sgvaimudar.com.br\/index.php\/wp-json\/wp\/v2\/posts"}],"about":[{"href":"https:\/\/sgvaimudar.com.br\/index.php\/wp-json\/wp\/v2\/types\/post"}],"author":[{"embeddable":true,"href":"https:\/\/sgvaimudar.com.br\/index.php\/wp-json\/wp\/v2\/users\/5"}],"replies":[{"embeddable":true,"href":"https:\/\/sgvaimudar.com.br\/index.php\/wp-json\/wp\/v2\/comments?post=21574"}],"version-history":[{"count":1,"href":"https:\/\/sgvaimudar.com.br\/index.php\/wp-json\/wp\/v2\/posts\/21574\/revisions"}],"predecessor-version":[{"id":21577,"href":"https:\/\/sgvaimudar.com.br\/index.php\/wp-json\/wp\/v2\/posts\/21574\/revisions\/21577"}],"wp:featuredmedia":[{"embeddable":true,"href":"https:\/\/sgvaimudar.com.br\/index.php\/wp-json\/wp\/v2\/media\/21575"}],"wp:attachment":[{"href":"https:\/\/sgvaimudar.com.br\/index.php\/wp-json\/wp\/v2\/media?parent=21574"}],"wp:term":[{"taxonomy":"category","embeddable":true,"href":"https:\/\/sgvaimudar.com.br\/index.php\/wp-json\/wp\/v2\/categories?post=21574"},{"taxonomy":"post_tag","embeddable":true,"href":"https:\/\/sgvaimudar.com.br\/index.php\/wp-json\/wp\/v2\/tags?post=21574"}],"curies":[{"name":"wp","href":"https:\/\/api.w.org\/{rel}","templated":true}]}}