{"id":21554,"date":"2025-03-08T15:00:00","date_gmt":"2025-03-08T18:00:00","guid":{"rendered":"https:\/\/sgvaimudar.com.br\/?p=21554"},"modified":"2025-03-08T09:07:33","modified_gmt":"2025-03-08T12:07:33","slug":"empreendedorismo-feminino-cresce-em-festas-bares-e-restaurantes-e-inspira-transformacao","status":"publish","type":"post","link":"https:\/\/sgvaimudar.com.br\/index.php\/2025\/03\/08\/empreendedorismo-feminino-cresce-em-festas-bares-e-restaurantes-e-inspira-transformacao\/","title":{"rendered":"Empreendedorismo feminino cresce em festas, bares e restaurantes e inspira transforma\u00e7\u00e3o\u00a0"},"content":{"rendered":"\n<p><em>For\u00e7a feminina \u00e9 destaque no setor de alimenta\u00e7\u00e3o fora do lar; hoje, elas representam quase metade da m\u00e3o de obra formal<\/em><\/p>\n\n\n\n<p>Celebrado neste s\u00e1bado, 08 de mar\u00e7o, o\u00a0Dia Internacional das Mulheres\u00a0enaltece a for\u00e7a feminina na sociedade e sua luta por equidade, inclusive no mercado de trabalho. E dados de 2023 do Minist\u00e9rio do Trabalho indicam que elas correspondem a 52% da m\u00e3o de obra brasileira.\u00a0\u00a0<\/p>\n\n\n\n<p>De todos os setores da economia, o de\u00a0alimenta\u00e7\u00e3o fora do lar\u00a0\u00e9 o que apresenta a maior participa\u00e7\u00e3o de empreendedoras: nos neg\u00f3cios que operam em sociedade, com um ou mais s\u00f3cios, elas s\u00e3o 38%. No segmento como um todo, elas s\u00e3o ainda mais participativas. Segundo um estudo realizado pela FGV em parceria com a\u00a0Abrasel,\u00a0em 2024, as mulheres representavam 49% da for\u00e7a de trabalho formal do segmento.\u00a0<\/p>\n\n\n\n<p>Apesar do desafio de empreender em um setor competitivo, investir no pr\u00f3prio neg\u00f3cio e realizar os sonhos por meio desse processo \u00e9 algo que faz parte da hist\u00f3ria de milhares de mulheres em todo o Brasil, como \u00e9 o caso de Neia Milit\u00e3o Gomes, empres\u00e1ria do Bairro Marambaia, em S\u00e3o Gon\u00e7alo.<\/p>\n\n\n\n<figure class=\"wp-block-image size-full is-resized\"><img fetchpriority=\"high\" decoding=\"async\" width=\"480\" height=\"640\" src=\"https:\/\/sgvaimudar.com.br\/wp-content\/uploads\/2025\/03\/33583447_1238401639624143_854313624179572736_n.jpg\" alt=\"\" class=\"wp-image-21556\" style=\"aspect-ratio:0.75;width:693px;height:auto\" srcset=\"https:\/\/sgvaimudar.com.br\/wp-content\/uploads\/2025\/03\/33583447_1238401639624143_854313624179572736_n.jpg 480w, https:\/\/sgvaimudar.com.br\/wp-content\/uploads\/2025\/03\/33583447_1238401639624143_854313624179572736_n-225x300.jpg 225w\" sizes=\"(max-width: 480px) 100vw, 480px\" \/><\/figure>\n\n\n\n<p>Ap\u00f3s trabalhar em outras \u00e1reas, ela decidiu se dedicar a gastronomia, vender bolos em sua comunidade\u00a0e fazer festas, sempre com o apoio dos filhos e do marido Willian Serrano Gomes. Apesar de ter tido um crescimento r\u00e1pido nas vendas, ela enfrentou um per\u00edodo de grande dificuldade com o in\u00edcio da pandemia, momento em que chegou a ficar cinco meses sem servi\u00e7os.\u00a0<\/p>\n\n\n\n<p>Com investimento em produtos de qualidade, persist\u00eancia, for\u00e7a, e um talento natural para encantar clientes, ela conseguiu reinventar seu neg\u00f3cio. Comprou os equipamentos para fazer festas e expandiu os neg\u00f3cios. Hoje \u00e9 seu carro-chefe que ela atende atrav\u00e9s do Wattsapp: 987149614.<\/p>\n\n\n\n<p>A trajet\u00f3ria de Neia reflete o poder transformador do empreendedorismo feminino. \u201cSei que sou refer\u00eancia aqui na minha comunidade, como uma mulher determinada que vai \u00e0 batalha e luta com unhas e dentes. Eu amo o que eu fa\u00e7o e me sinto feliz em inspirar pessoas\u201d, comentou ela.\u00a0<\/p>\n\n\n\n<p><strong>Caminhos da evolu\u00e7\u00e3o&nbsp;<\/strong>&nbsp;<\/p>\n\n\n\n<p>Para Rosane Oliveira, presidente do\u00a0Conselho de Administra\u00e7\u00e3o\u00a0da Abrasel e a primeira mulher a ocupar o cargo, \u00e9 importante a exist\u00eancia de uma lideran\u00e7a que direcione as lutas do setor para al\u00e9m de pautas pontuais. Para concretizar essa expectativa, ela aposta no investimento da profissionaliza\u00e7\u00e3o das mulheres que empreendem nos bares e restaurantes. \u201c\u00c9 essencial fortalecer programas de capacita\u00e7\u00e3o e incentivar redes de apoio que conectem empreendedoras e gestoras do setor. \u00c9 necess\u00e1rio sermos uma voz ativa na constru\u00e7\u00e3o de um ambiente mais inclusivo\u201d, afirma a presidente.\u00a0<\/p>\n\n\n\n<p>\u201cMeu papel enquanto presidente do Conselho vai al\u00e9m da representatividade. O setor de alimenta\u00e7\u00e3o fora do lar tem um enorme potencial de crescimento e inova\u00e7\u00e3o, e garantir que mais mulheres estejam \u00e0 frente desse movimento \u00e9 essencial para o desenvolvimento sustent\u00e1vel da \u00e1rea\u201d, completa Rosane.\u00a0<\/p>\n\n\n\n<p>Para a presidente, a presen\u00e7a feminina no segmento n\u00e3o se limita \u00e0 opera\u00e7\u00e3o cotidiana dos estabelecimentos, mas se estende \u00e0 transforma\u00e7\u00e3o de um ambiente que, tradicionalmente dominado por homens, est\u00e1 se renovando a partir da perspectiva delas.&nbsp;<\/p>\n\n\n\n<p>Ao olhar para o futuro, a vis\u00e3o otimista dessas l\u00edderes aponta para um setor de alimenta\u00e7\u00e3o fora do lar cada vez mais inclusivo e din\u00e2mico. O exemplo de Val e Rosane demonstra que, com informa\u00e7\u00e3o, estrutura e apoio, \u00e9 poss\u00edvel lutar para superar desafios hist\u00f3ricos e criar oportunidades para que mais mulheres assumam posi\u00e7\u00f5es estrat\u00e9gicas no empresariado e nas lideran\u00e7as governamentais.&nbsp;&nbsp;<\/p>\n\n\n\n<p>Essa mudan\u00e7a n\u00e3o s\u00f3 revoluciona o padr\u00e3o do mercado, mas tamb\u00e9m refor\u00e7a que a for\u00e7a feminina \u00e9, de fato, um motor essencial para o desenvolvimento sustent\u00e1vel e inovador da economia brasileira.&nbsp;<\/p>\n\n\n\n<p>No Dia Internacional das Mulheres, a mensagem \u00e9 clara: a trajet\u00f3ria empreendedora feminina continua a inspirar, transformar e abrir novos caminhos. Como mensagem, Neia comenta, \u201cter mulheres em cargos de destaque nas comunidades \u00e9 um avan\u00e7o para a igualdade. Quando vemos essas mulheres crescendo e sendo destaque na sociedade \u00e9 maravilhoso. Isso \u00e9 quebrar barreiras e dizer &#8216;n\u00f3s estamos aqui\u2019\u201d, afirmou ela.<\/p>\n\n\n\n<p>Em cada neg\u00f3cio ou iniciativa, o futuro se desenha com a certeza de que, juntas, as mulheres n\u00e3o apenas quebram barreiras, mas tamb\u00e9m moldam um mundo mais justo e repleto de oportunidades.<\/p>\n\n\n\n<p><strong><em>S\u00e3o Gon\u00e7alo vai mudar: Not\u00edcias de S\u00e3o Gon\u00e7alo e toda regi\u00e3o.<\/em><\/strong><\/p>\n\n\n\n<figure class=\"wp-block-image size-full\"><img decoding=\"async\" width=\"317\" height=\"110\" src=\"https:\/\/sgvaimudar.com.br\/wp-content\/uploads\/2023\/08\/cropped-Logo-Provisoria-2-2.png\" alt=\"\" class=\"wp-image-2782\" srcset=\"https:\/\/sgvaimudar.com.br\/wp-content\/uploads\/2023\/08\/cropped-Logo-Provisoria-2-2.png 317w, https:\/\/sgvaimudar.com.br\/wp-content\/uploads\/2023\/08\/cropped-Logo-Provisoria-2-2-300x104.png 300w\" sizes=\"(max-width: 317px) 100vw, 317px\" \/><\/figure>\n","protected":false},"excerpt":{"rendered":"<p>For\u00e7a feminina \u00e9 destaque no setor de alimenta\u00e7\u00e3o fora do lar; hoje, elas representam quase metade da m\u00e3o de obra&hellip;<\/p>\n","protected":false},"author":5,"featured_media":21555,"comment_status":"open","ping_status":"open","sticky":false,"template":"","format":"standard","meta":{"fifu_image_url":"","fifu_image_alt":"","footnotes":""},"categories":[3],"tags":[47,75],"class_list":["post-21554","post","type-post","status-publish","format-standard","has-post-thumbnail","hentry","category-sao-goncalo","tag-rj","tag-sao-goncalo"],"_links":{"self":[{"href":"https:\/\/sgvaimudar.com.br\/index.php\/wp-json\/wp\/v2\/posts\/21554","targetHints":{"allow":["GET"]}}],"collection":[{"href":"https:\/\/sgvaimudar.com.br\/index.php\/wp-json\/wp\/v2\/posts"}],"about":[{"href":"https:\/\/sgvaimudar.com.br\/index.php\/wp-json\/wp\/v2\/types\/post"}],"author":[{"embeddable":true,"href":"https:\/\/sgvaimudar.com.br\/index.php\/wp-json\/wp\/v2\/users\/5"}],"replies":[{"embeddable":true,"href":"https:\/\/sgvaimudar.com.br\/index.php\/wp-json\/wp\/v2\/comments?post=21554"}],"version-history":[{"count":1,"href":"https:\/\/sgvaimudar.com.br\/index.php\/wp-json\/wp\/v2\/posts\/21554\/revisions"}],"predecessor-version":[{"id":21557,"href":"https:\/\/sgvaimudar.com.br\/index.php\/wp-json\/wp\/v2\/posts\/21554\/revisions\/21557"}],"wp:featuredmedia":[{"embeddable":true,"href":"https:\/\/sgvaimudar.com.br\/index.php\/wp-json\/wp\/v2\/media\/21555"}],"wp:attachment":[{"href":"https:\/\/sgvaimudar.com.br\/index.php\/wp-json\/wp\/v2\/media?parent=21554"}],"wp:term":[{"taxonomy":"category","embeddable":true,"href":"https:\/\/sgvaimudar.com.br\/index.php\/wp-json\/wp\/v2\/categories?post=21554"},{"taxonomy":"post_tag","embeddable":true,"href":"https:\/\/sgvaimudar.com.br\/index.php\/wp-json\/wp\/v2\/tags?post=21554"}],"curies":[{"name":"wp","href":"https:\/\/api.w.org\/{rel}","templated":true}]}}