{"id":21544,"date":"2025-03-08T12:00:00","date_gmt":"2025-03-08T15:00:00","guid":{"rendered":"https:\/\/sgvaimudar.com.br\/?p=21544"},"modified":"2025-03-08T08:37:33","modified_gmt":"2025-03-08T11:37:33","slug":"prefeitura-regulamenta-uso-de-celulares-nas-escolas","status":"publish","type":"post","link":"https:\/\/sgvaimudar.com.br\/index.php\/2025\/03\/08\/prefeitura-regulamenta-uso-de-celulares-nas-escolas\/","title":{"rendered":"Prefeitura regulamenta uso de celulares nas escolas"},"content":{"rendered":"\n<p><em>Aparelhos est\u00e3o proibidos nas unidades de ensino<\/em><\/p>\n\n\n\n<p>A Prefeitura de S\u00e3o Gon\u00e7alo, por meio da Subsecretaria de A\u00e7\u00f5es Pedag\u00f3gicas da Secretaria de Educa\u00e7\u00e3o, ao cumprir a lei, enviou \u00e0s escolas municipais orienta\u00e7\u00f5es a respeito do uso de celulares e outros dispositivos eletr\u00f4nicos pessoais, que est\u00e3o proibidos durante as aulas, recreios e intervalos.<\/p>\n\n\n\n<p>A regulamenta\u00e7\u00e3o tem como objetivo garantir um ambiente escolar mais focado no aprendizado, promovendo o desenvolvimento saud\u00e1vel dos estudantes e, para a efetiva implementa\u00e7\u00e3o, conta com a colabora\u00e7\u00e3o de toda a comunidade escolar.<\/p>\n\n\n\n<p>Em sala de aula, o uso de dispositivos eletr\u00f4nicos ser\u00e1 permitido exclusivamente para fins pedag\u00f3gicos, mediante a orienta\u00e7\u00e3o dos profissionais de educa\u00e7\u00e3o. Os celulares devem permanecer guardados nas mochilas dos alunos, em modo silencioso ou desligados, durante toda a perman\u00eancia na escola.<\/p>\n\n\n\n<p>A proibi\u00e7\u00e3o n\u00e3o se aplica em casos de acessibilidade e inclus\u00e3o, necessidades de sa\u00fade, garantia de direitos fundamentais dos estudantes, situa\u00e7\u00f5es de for\u00e7a maior, estado de perigo ou necessidade.<\/p>\n\n\n\n<p>As unidades devem fornecer aos profissionais da educa\u00e7\u00e3o forma\u00e7\u00e3o peri\u00f3dica para identificar sinais de sofrimento ps\u00edquico e os efeitos prejudiciais do uso inadequado da tecnologia. Al\u00e9m disso, devem desenvolver a\u00e7\u00f5es educativas para sensibilizar os alunos sobre os riscos do uso excessivo de dispositivos eletr\u00f4nicos, abordando impactos na sa\u00fade mental, depend\u00eancia digital e nomofobia.<\/p>\n\n\n\n<p><em>Foto: Fabio Guimar\u00e3es<\/em><\/p>\n\n\n\n<p><strong><em>S\u00e3o Gon\u00e7alo vai mudar: Not\u00edcias de S\u00e3o Gon\u00e7alo e toda regi\u00e3o.<\/em><\/strong><\/p>\n\n\n\n<figure class=\"wp-block-image size-full\"><img decoding=\"async\" width=\"317\" height=\"110\" src=\"https:\/\/sgvaimudar.com.br\/wp-content\/uploads\/2023\/08\/cropped-Logo-Provisoria-2-2.png\" alt=\"\" class=\"wp-image-2782\" srcset=\"https:\/\/sgvaimudar.com.br\/wp-content\/uploads\/2023\/08\/cropped-Logo-Provisoria-2-2.png 317w, https:\/\/sgvaimudar.com.br\/wp-content\/uploads\/2023\/08\/cropped-Logo-Provisoria-2-2-300x104.png 300w\" sizes=\"(max-width: 317px) 100vw, 317px\" \/><\/figure>\n","protected":false},"excerpt":{"rendered":"<p>Aparelhos est\u00e3o proibidos nas unidades de ensino A Prefeitura de S\u00e3o Gon\u00e7alo, por meio da Subsecretaria de A\u00e7\u00f5es Pedag\u00f3gicas da&hellip;<\/p>\n","protected":false},"author":5,"featured_media":21545,"comment_status":"open","ping_status":"open","sticky":false,"template":"","format":"standard","meta":{"fifu_image_url":"","fifu_image_alt":"","footnotes":""},"categories":[3],"tags":[47,75],"class_list":["post-21544","post","type-post","status-publish","format-standard","has-post-thumbnail","hentry","category-sao-goncalo","tag-rj","tag-sao-goncalo"],"_links":{"self":[{"href":"https:\/\/sgvaimudar.com.br\/index.php\/wp-json\/wp\/v2\/posts\/21544","targetHints":{"allow":["GET"]}}],"collection":[{"href":"https:\/\/sgvaimudar.com.br\/index.php\/wp-json\/wp\/v2\/posts"}],"about":[{"href":"https:\/\/sgvaimudar.com.br\/index.php\/wp-json\/wp\/v2\/types\/post"}],"author":[{"embeddable":true,"href":"https:\/\/sgvaimudar.com.br\/index.php\/wp-json\/wp\/v2\/users\/5"}],"replies":[{"embeddable":true,"href":"https:\/\/sgvaimudar.com.br\/index.php\/wp-json\/wp\/v2\/comments?post=21544"}],"version-history":[{"count":1,"href":"https:\/\/sgvaimudar.com.br\/index.php\/wp-json\/wp\/v2\/posts\/21544\/revisions"}],"predecessor-version":[{"id":21546,"href":"https:\/\/sgvaimudar.com.br\/index.php\/wp-json\/wp\/v2\/posts\/21544\/revisions\/21546"}],"wp:featuredmedia":[{"embeddable":true,"href":"https:\/\/sgvaimudar.com.br\/index.php\/wp-json\/wp\/v2\/media\/21545"}],"wp:attachment":[{"href":"https:\/\/sgvaimudar.com.br\/index.php\/wp-json\/wp\/v2\/media?parent=21544"}],"wp:term":[{"taxonomy":"category","embeddable":true,"href":"https:\/\/sgvaimudar.com.br\/index.php\/wp-json\/wp\/v2\/categories?post=21544"},{"taxonomy":"post_tag","embeddable":true,"href":"https:\/\/sgvaimudar.com.br\/index.php\/wp-json\/wp\/v2\/tags?post=21544"}],"curies":[{"name":"wp","href":"https:\/\/api.w.org\/{rel}","templated":true}]}}