{"id":21529,"date":"2025-03-08T08:11:07","date_gmt":"2025-03-08T11:11:07","guid":{"rendered":"https:\/\/sgvaimudar.com.br\/?p=21529"},"modified":"2025-03-08T08:11:07","modified_gmt":"2025-03-08T11:11:07","slug":"usf-promove-acoes-especiais-de-saude-no-mes-da-mulher","status":"publish","type":"post","link":"https:\/\/sgvaimudar.com.br\/index.php\/2025\/03\/08\/usf-promove-acoes-especiais-de-saude-no-mes-da-mulher\/","title":{"rendered":"USF promove a\u00e7\u00f5es especiais de sa\u00fade no m\u00eas da Mulher"},"content":{"rendered":"\n<p><em>Unidade de sa\u00fade na Trindade inicia atividades na pr\u00f3xima segunda-feira\u00a0\u00a0<\/em><\/p>\n\n\n\n<p>A Unidade de Sa\u00fade da Fam\u00edlia (USF) Irm\u00e3 Dulce, na Trindade, vai realizar a\u00e7\u00f5es de sa\u00fade durante as segundas-feiras (10, 17 e 24) deste m\u00eas de mar\u00e7o para os pacientes, sempre a partir das 9h. Com servi\u00e7os direcionados, o posto de sa\u00fade pretende orientar os usu\u00e1rios cadastrados na USF e humanizar ainda mais os atendimentos, aproximando funcion\u00e1rios do p\u00fablico.\u00a0<\/p>\n\n\n\n<p>O primeiro evento ser\u00e1 dedicado \u00e0s crian\u00e7as, gestantes e mulheres na pr\u00f3xima segunda-feira (10). A atividade vai contar com palestras sobre a import\u00e2ncia da amamenta\u00e7\u00e3o e de uma boa alimenta\u00e7\u00e3o para gestantes e crian\u00e7as. <\/p>\n\n\n\n<p>\u201cTamb\u00e9m vamos incentivar os usu\u00e1rios \u2013 adultos e crian\u00e7as \u2013 para colocar a caderneta de vacina\u00e7\u00e3o em dia e aproveitar os demais servi\u00e7os oferecidos\u201d, disse a administradora da USF, Lene Fran\u00e7a.\u00a0<\/p>\n\n\n\n<p>Ainda estar\u00e1 dispon\u00edvel teste r\u00e1pido das Infec\u00e7\u00f5es Sexualmente Transmiss\u00edveis (ISTs), aferi\u00e7\u00e3o de glicose e press\u00e3o arterial, auriculoterapia, massoterapia, atualiza\u00e7\u00e3o do Bolsa Fam\u00edlia, orienta\u00e7\u00e3o para a correta escova\u00e7\u00e3o infantil com aplica\u00e7\u00e3o de fl\u00faor e distribui\u00e7\u00e3o de kits de higieniza\u00e7\u00e3o bucal para as crian\u00e7as.&nbsp;<\/p>\n\n\n\n<p>O dia 17 ser\u00e1 dedicado somente \u00e0s mulheres, em alus\u00e3o ao Dia Internacional da Mulher, comemorado no dia 8 deste m\u00eas. <\/p>\n\n\n\n<p>\u201cNeste dia ter\u00e1 um caf\u00e9 da manh\u00e3 solid\u00e1rio para as pacientes. \u00c9 uma forma de acolher e aproximar, melhorando a rela\u00e7\u00e3o entre servidores e p\u00fablico, que muitas vezes fica constrangido de fazer perguntas e aproveitar os servi\u00e7os oferecidos\u201d, explicou o subsecret\u00e1rio da Aten\u00e7\u00e3o B\u00e1sica, Gabriel Mello.\u00a0<\/p>\n\n\n\n<p>Os servi\u00e7os de podologia, auriculoterapia, massoterapia, maquiagem, corte de cabelo e massagem facial tamb\u00e9m estar\u00e3o dispon\u00edveis neste dia, al\u00e9m dos j\u00e1 oferecidos rotineiramente na unidade. E ainda acontecer\u00e3o palestras de orienta\u00e7\u00e3o sobre assuntos femininos, como a preven\u00e7\u00e3o do c\u00e2ncer de colo do \u00fatero. Ali\u00e1s, a doen\u00e7a tamb\u00e9m ser\u00e1 o tema principal que ser\u00e1 abordado no dia 24 \u2013 tamb\u00e9m dedicado \u00e0s mulheres.&nbsp;<\/p>\n\n\n\n<p>\u201cAs palestras de conscientiza\u00e7\u00e3o e orienta\u00e7\u00e3o sempre d\u00e3o bons resultados nas unidades de sa\u00fade. \u00c9 muito importante essas a\u00e7\u00f5es de incentivo para o autocuidado. A preven\u00e7\u00e3o continua sendo o melhor rem\u00e9dio para muitas doen\u00e7as. \u00c9 atrav\u00e9s da vacina\u00e7\u00e3o, por exemplo, que deixamos de ter formas graves de muitas doen\u00e7as. E \u00e9 atrav\u00e9s de um teste r\u00e1pido para ISTs que podemos detectar e iniciar um tratamento precocemente. Com a sa\u00fade em dia, todos ganham\u201d, descreveu a secret\u00e1ria de Sa\u00fade da Prefeitura de S\u00e3o Gon\u00e7alo, Dra. Bianca Serour.<\/p>\n\n\n\n<p>Para participar das atividades, os usu\u00e1rios devem levar cart\u00e3o do SUS, identidade, CPF e comprovante de resid\u00eancia. Todas as atividades s\u00e3o por ordem de chegada para as usu\u00e1rias da \u00e1rea da USF.&nbsp;<\/p>\n\n\n\n<p><em>Foto: Julio Dini<\/em>z<\/p>\n\n\n\n<p><strong><em>S\u00e3o Gon\u00e7alo vai mudar: Not\u00edcias de S\u00e3o Gon\u00e7alo e toda regi\u00e3o.<\/em><\/strong><\/p>\n\n\n\n<figure class=\"wp-block-image size-full\"><img decoding=\"async\" width=\"317\" height=\"110\" src=\"https:\/\/sgvaimudar.com.br\/wp-content\/uploads\/2023\/08\/cropped-Logo-Provisoria-2-2.png\" alt=\"\" class=\"wp-image-2782\" srcset=\"https:\/\/sgvaimudar.com.br\/wp-content\/uploads\/2023\/08\/cropped-Logo-Provisoria-2-2.png 317w, https:\/\/sgvaimudar.com.br\/wp-content\/uploads\/2023\/08\/cropped-Logo-Provisoria-2-2-300x104.png 300w\" sizes=\"(max-width: 317px) 100vw, 317px\" \/><\/figure>\n","protected":false},"excerpt":{"rendered":"<p>Unidade de sa\u00fade na Trindade inicia atividades na pr\u00f3xima segunda-feira\u00a0\u00a0 A Unidade de Sa\u00fade da Fam\u00edlia (USF) Irm\u00e3 Dulce, na&hellip;<\/p>\n","protected":false},"author":5,"featured_media":21530,"comment_status":"open","ping_status":"open","sticky":false,"template":"","format":"standard","meta":{"fifu_image_url":"","fifu_image_alt":"","footnotes":""},"categories":[7],"tags":[47,75],"class_list":["post-21529","post","type-post","status-publish","format-standard","has-post-thumbnail","hentry","category-saude","tag-rj","tag-sao-goncalo"],"_links":{"self":[{"href":"https:\/\/sgvaimudar.com.br\/index.php\/wp-json\/wp\/v2\/posts\/21529","targetHints":{"allow":["GET"]}}],"collection":[{"href":"https:\/\/sgvaimudar.com.br\/index.php\/wp-json\/wp\/v2\/posts"}],"about":[{"href":"https:\/\/sgvaimudar.com.br\/index.php\/wp-json\/wp\/v2\/types\/post"}],"author":[{"embeddable":true,"href":"https:\/\/sgvaimudar.com.br\/index.php\/wp-json\/wp\/v2\/users\/5"}],"replies":[{"embeddable":true,"href":"https:\/\/sgvaimudar.com.br\/index.php\/wp-json\/wp\/v2\/comments?post=21529"}],"version-history":[{"count":1,"href":"https:\/\/sgvaimudar.com.br\/index.php\/wp-json\/wp\/v2\/posts\/21529\/revisions"}],"predecessor-version":[{"id":21531,"href":"https:\/\/sgvaimudar.com.br\/index.php\/wp-json\/wp\/v2\/posts\/21529\/revisions\/21531"}],"wp:featuredmedia":[{"embeddable":true,"href":"https:\/\/sgvaimudar.com.br\/index.php\/wp-json\/wp\/v2\/media\/21530"}],"wp:attachment":[{"href":"https:\/\/sgvaimudar.com.br\/index.php\/wp-json\/wp\/v2\/media?parent=21529"}],"wp:term":[{"taxonomy":"category","embeddable":true,"href":"https:\/\/sgvaimudar.com.br\/index.php\/wp-json\/wp\/v2\/categories?post=21529"},{"taxonomy":"post_tag","embeddable":true,"href":"https:\/\/sgvaimudar.com.br\/index.php\/wp-json\/wp\/v2\/tags?post=21529"}],"curies":[{"name":"wp","href":"https:\/\/api.w.org\/{rel}","templated":true}]}}