{"id":21518,"date":"2025-03-07T21:00:00","date_gmt":"2025-03-08T00:00:00","guid":{"rendered":"https:\/\/sgvaimudar.com.br\/?p=21518"},"modified":"2025-03-07T10:41:07","modified_gmt":"2025-03-07T13:41:07","slug":"corpo-carbonizado-que-pode-ser-de-turista-desaparecido-no-rio-estava-dentro-de-carro-usado-por-ele-e-os-amigos-diz-delegado","status":"publish","type":"post","link":"https:\/\/sgvaimudar.com.br\/index.php\/2025\/03\/07\/corpo-carbonizado-que-pode-ser-de-turista-desaparecido-no-rio-estava-dentro-de-carro-usado-por-ele-e-os-amigos-diz-delegado\/","title":{"rendered":"Corpo carbonizado que pode ser de turista desaparecido no Rio estava dentro de carro usado por ele e os amigos, diz delegado"},"content":{"rendered":"\n<p><em>Segundo investiga\u00e7\u00f5es, Fabr\u00edcio Alves Monteiro estava com um primo e um amigo indo para uma festa quando foi abordado por criminosos nas proximidades da comunidade Palmeirinha, em Hon\u00f3rio Gurgel<\/em><\/p>\n\n\n\n<p>A Pol\u00edcia Civil do Rio encontrou um corpo carbonizado dentro do carro usado por Fabr\u00edcio Alves Monteiro, turista brasiliense de 28 anos que desapareceu ap\u00f3s ser sequestrado por traficantes na Zona Norte da cidade, na ter\u00e7a-feira (4).<\/p>\n\n\n\n<p>De acordo com o delegado respons\u00e1vel pelo caso, Thiago Neves, titular da 31\u00aa DP (Ricardo de Albuquerque), o ve\u00edculo foi localizado na Avenida Brasil, nas proximidades da comunidade do Muqui\u00e7o, dominada pelo Terceiro Comando Puro (TCP).<\/p>\n\n\n\n<p>Monteiro, que \u00e9 natural de Bras\u00edlia, estava no Rio para o carnaval com um primo e um amigo, hospedado em Anchieta (Zona Norte), na casa de parentes. O grupo teria sido interceptado por criminosos ao seguir o GPS para uma festa na comunidade. Segundo depoimentos de testemunhas, os tr\u00eas foram levados para dentro da comunidade da Palmeirinha, controlada pelo Comando Vermelho (CV).<\/p>\n\n\n\n<p>No local, os traficantes teriam acessado o celular de Fabr\u00edcio e encontrado mensagens e fotos que supostamente faziam refer\u00eancia ao TCP, fac\u00e7\u00e3o rival do CV. O turista teria sido submetido ao chamado \u201ctribunal do tr\u00e1fico\u201d, em que sofreu\u00a0agress\u00f5es brutais antes de desaparecer.<\/p>\n\n\n\n<p>O carro incendiado, com um corpo dentro, foi encontrado na quarta-feira, dia seguinte ao sequestro. O Instituto M\u00e9dico Legal (IML) faz exames para confirmar a identidade da v\u00edtima. A Delegacia de Descoberta de Paradeiros (DDPA) e a Delegacia de Homic\u00eddios da Capital (DHC) seguem investigando o caso.<\/p>\n\n\n\n<p>O primo e o amigo de Fabr\u00edcio contaram \u00e0 pol\u00edcia que estavam com ele para curtir o feriado de carnaval e ficaram hospedados na casa de parentes. Ainda de acordo com o depoimento deles, os traficantes assumiram a dire\u00e7\u00e3o do ve\u00edculo e levaram o trio para dentro da comunidade da Palmeirinha, dominada pelo CV, na mesma regi\u00e3o.<\/p>\n\n\n\n<p>Durante a abordagem, segundo os depoimentos, os criminosos tomaram o celular de Fabr\u00edcio e, ao acessarem suas mensagens, encontraram conversas e fotos que supostamente faziam apologia ao Terceiro Comando Puro (TCP), fac\u00e7\u00e3o rival do CV. Isso teria levado Monteiro a ser submetido as sess\u00f5es de tortura, em que teve a orelha e os dedos cortados pelos criminosos.<\/p>\n\n\n\n<p>\u2014 Infelizmente, o Rio de Janeiro n\u00e3o \u00e9 conhecido somente pelas belezas locais. Tem muita gente que vem para a cidade fazer turismo em \u00e1reas dominada pelo tr\u00e1fico. S\u00e3o pessoas simpatizantes desta pr\u00e1tica criminosa. Ainda n\u00e3o podemos precisar o envolvimento do Fabr\u00edcio com o tr\u00e1fico. N\u00e3o sabemos se ele era simpatizante ou era um associado. A pol\u00edcia trabalha para identificar a motiva\u00e7\u00e3o do crime, se ele estava realmente associado \u00e0 fac\u00e7\u00e3o criminosa ou se era um simpatizante que tirou fotos para ganhar likes na internet \u2014 afirmou o delegado Thiago Neves, titular da 31\u00aa DP (Ricardo de Albuquerque).<\/p>\n\n\n\n<p>O caso foi inicialmente registrado na 31\u00aa DP (Ricardo de Albuquerque) e depois encaminhado \u00e0 Delegacia de Descoberta de Paradeiros (DDPA).<\/p>\n\n\n\n<p>Nas redes sociais, circulam imagens do Fabr\u00edcio portando um fuzil e uma bandoleira escrito: \u201cCoronel do Muqui\u00e7o TCP\u201d. Coronel, segundo a pol\u00edcia, \u00e9 apontado como um dos chefes do Terceiro Comando Puro na favela do Muqui\u00e7o, regi\u00e3o vizinha a Palmeirinha.<\/p>\n\n\n\n<p><em>Fonte: Extra<\/em><\/p>\n\n\n\n<figure class=\"wp-block-image size-full\"><img decoding=\"async\" width=\"317\" height=\"110\" src=\"https:\/\/sgvaimudar.com.br\/wp-content\/uploads\/2023\/08\/cropped-Logo-Provisoria-2-2.png\" alt=\"\" class=\"wp-image-2782\" srcset=\"https:\/\/sgvaimudar.com.br\/wp-content\/uploads\/2023\/08\/cropped-Logo-Provisoria-2-2.png 317w, https:\/\/sgvaimudar.com.br\/wp-content\/uploads\/2023\/08\/cropped-Logo-Provisoria-2-2-300x104.png 300w\" sizes=\"(max-width: 317px) 100vw, 317px\" \/><\/figure>\n\n\n\n<p><a href=\"https:\/\/extra.globo.com\/rio\/casos-de-policia\/noticia\/2025\/03\/bonde-do-varao-homem-apontado-como-numero-2-da-milicia-e-preso-em-cabo-frio.ghtml\"><\/a><\/p>\n","protected":false},"excerpt":{"rendered":"<p>Segundo investiga\u00e7\u00f5es, Fabr\u00edcio Alves Monteiro estava com um primo e um amigo indo para uma festa quando foi abordado por&hellip;<\/p>\n","protected":false},"author":5,"featured_media":21519,"comment_status":"open","ping_status":"open","sticky":false,"template":"","format":"standard","meta":{"fifu_image_url":"","fifu_image_alt":"","footnotes":""},"categories":[32],"tags":[47],"class_list":["post-21518","post","type-post","status-publish","format-standard","has-post-thumbnail","hentry","category-casos-de-policia","tag-rj"],"_links":{"self":[{"href":"https:\/\/sgvaimudar.com.br\/index.php\/wp-json\/wp\/v2\/posts\/21518","targetHints":{"allow":["GET"]}}],"collection":[{"href":"https:\/\/sgvaimudar.com.br\/index.php\/wp-json\/wp\/v2\/posts"}],"about":[{"href":"https:\/\/sgvaimudar.com.br\/index.php\/wp-json\/wp\/v2\/types\/post"}],"author":[{"embeddable":true,"href":"https:\/\/sgvaimudar.com.br\/index.php\/wp-json\/wp\/v2\/users\/5"}],"replies":[{"embeddable":true,"href":"https:\/\/sgvaimudar.com.br\/index.php\/wp-json\/wp\/v2\/comments?post=21518"}],"version-history":[{"count":1,"href":"https:\/\/sgvaimudar.com.br\/index.php\/wp-json\/wp\/v2\/posts\/21518\/revisions"}],"predecessor-version":[{"id":21520,"href":"https:\/\/sgvaimudar.com.br\/index.php\/wp-json\/wp\/v2\/posts\/21518\/revisions\/21520"}],"wp:featuredmedia":[{"embeddable":true,"href":"https:\/\/sgvaimudar.com.br\/index.php\/wp-json\/wp\/v2\/media\/21519"}],"wp:attachment":[{"href":"https:\/\/sgvaimudar.com.br\/index.php\/wp-json\/wp\/v2\/media?parent=21518"}],"wp:term":[{"taxonomy":"category","embeddable":true,"href":"https:\/\/sgvaimudar.com.br\/index.php\/wp-json\/wp\/v2\/categories?post=21518"},{"taxonomy":"post_tag","embeddable":true,"href":"https:\/\/sgvaimudar.com.br\/index.php\/wp-json\/wp\/v2\/tags?post=21518"}],"curies":[{"name":"wp","href":"https:\/\/api.w.org\/{rel}","templated":true}]}}