{"id":21497,"date":"2025-03-07T13:00:00","date_gmt":"2025-03-07T16:00:00","guid":{"rendered":"https:\/\/sgvaimudar.com.br\/?p=21497"},"modified":"2025-03-07T09:54:45","modified_gmt":"2025-03-07T12:54:45","slug":"academicos-de-niteroi-foi-a-campea-da-serie-ouro-pela-1a-vez-e-desfila-no-grupo-especial-em-2026","status":"publish","type":"post","link":"https:\/\/sgvaimudar.com.br\/index.php\/2025\/03\/07\/academicos-de-niteroi-foi-a-campea-da-serie-ouro-pela-1a-vez-e-desfila-no-grupo-especial-em-2026\/","title":{"rendered":"Acad\u00eamicos de Niter\u00f3i foi a campe\u00e3 da S\u00e9rie Ouro pela 1\u00aa vez e desfila no Grupo Especial em 2026"},"content":{"rendered":"\n<p><em>S\u00e3o Clemente e Tradi\u00e7\u00e3o est\u00e3o rebaixadas e v\u00e3o desfilar na Intendente Magalh\u00e3es; <strong>S\u00e3o Gon\u00e7alo Vai Mudar <\/strong>marcou presen\u00e7a na festa<\/em><\/p>\n\n\n\n<p>A Acad\u00eamicos de Niter\u00f3i foi a a campe\u00e3 da S\u00e9rie Ouro\u00a0e vai desfilar no Grupo Especial em 2026. O t\u00edtulo chega no\u00a0terceiro desfile\u00a0da escola no grupo de acesso do carnaval do Rio. Com o enredo sobre\u00a0festas juninas, a escola\u00a0criada em 2018\u00a0desfilou na segunda noite, no s\u00e1bado (1\u00ba).<\/p>\n\n\n\n<p>&#8220;\u00c9 muito satisfat\u00f3rio e duas festas folcl\u00f3ricas, culturais e populares se misturaram dentro de uma s\u00f3. Isso trouxe esse campeonato&#8221;, disse o carnavalesco Tiago Martins, referindo-se ao desfile que uniu carnaval e as festas juninas.<\/p>\n\n\n\n<figure class=\"wp-block-video\"><video height=\"1280\" style=\"aspect-ratio: 720 \/ 1280;\" width=\"720\" controls src=\"https:\/\/sgvaimudar.com.br\/wp-content\/uploads\/2025\/03\/Snapinst.app_video_AQMOR-AN9o0hL5CC9X_Qpx7cuPYCDKX8qTW9OyQGUrVXypHVapnv_Kh_VP5T4A3_hgDNm3aFKIzbK6c77zHypHBSMN7IaHqcPKtyv0A.mp4\"><\/video><\/figure>\n\n\n\n<p>S\u00e3o Clemente e Tradi\u00e7\u00e3o est\u00e3o\u00a0rebaixadas\u00a0e v\u00e3o disputar a S\u00e9rie Prata, na Intendente Magalh\u00e3es. Entre as 16 escolas da S\u00e9rie Ouro,\u00a0Imp\u00e9rio Serrano, Unidos da Ponte e de Bangu n\u00e3o foram julgadas  desfilaram como\u00a0<em>hors-concours<\/em>\u00a0\u2013 por causa do inc\u00eandio, no dia 12, na Maximus Confec\u00e7\u00f5es. A f\u00e1brica de fantasias pegou fogo, um aderecista morreu e outras 20 pessoas ficaram feridas.<\/p>\n\n\n\n<p><strong>Ponto a ponto <\/strong>&#8211; Niter\u00f3i come\u00e7ou disputando nota a nota com\u00a0Uni\u00e3o da Ilha\u00a0e\u00a0Porto da Pedra\u00a0at\u00e9 os tr\u00eas \u00faltimos quesitos, quando se isolou na frente. A Est\u00e1cio de S\u00e1 ainda chegou perto ap\u00f3s o pen\u00faltimo quesito, mas Niter\u00f3i n\u00e3o perde pontos na bateria e ficou com o t\u00edtulo. A Porto da Pedra ficou em terceiro lugar.<\/p>\n\n\n\n<p><strong>ESCOLA NOVA <\/strong>&#8211; A Acad\u00eamicos de Niter\u00f3i foi oficialmente aberta em 2018 e, em 2022, a Acad\u00eamicos do Sossego anunciou a cess\u00e3o dos direitos de desfile para a Niter\u00f3i, que estreou na S\u00e9rie Ouro em 2023.<\/p>\n\n\n\n<p>\u201cQuero agradecer demais a toda a comunidade de Niter\u00f3i e a todo mundo que acreditou no projeto. Agora, \u00e9 campe\u00e3o, \u00e9 Grupo Especial. Chegou, Niter\u00f3i!\u201d, comemorou o presidente Wallace Palhares ao receber trof\u00e9u.<\/p>\n\n\n\n<p><strong><em>S\u00e3o Gon\u00e7alo vai mudar: Not\u00edcias de S\u00e3o Gon\u00e7alo e toda regi\u00e3o.<\/em><\/strong><\/p>\n\n\n\n<figure class=\"wp-block-image size-full\"><img decoding=\"async\" width=\"317\" height=\"110\" src=\"https:\/\/sgvaimudar.com.br\/wp-content\/uploads\/2023\/08\/cropped-Logo-Provisoria-2-2.png\" alt=\"\" class=\"wp-image-2782\" srcset=\"https:\/\/sgvaimudar.com.br\/wp-content\/uploads\/2023\/08\/cropped-Logo-Provisoria-2-2.png 317w, https:\/\/sgvaimudar.com.br\/wp-content\/uploads\/2023\/08\/cropped-Logo-Provisoria-2-2-300x104.png 300w\" sizes=\"(max-width: 317px) 100vw, 317px\" \/><\/figure>\n","protected":false},"excerpt":{"rendered":"<p>S\u00e3o Clemente e Tradi\u00e7\u00e3o est\u00e3o rebaixadas e v\u00e3o desfilar na Intendente Magalh\u00e3es; S\u00e3o Gon\u00e7alo Vai Mudar marcou presen\u00e7a na festa&hellip;<\/p>\n","protected":false},"author":5,"featured_media":21499,"comment_status":"open","ping_status":"open","sticky":false,"template":"","format":"standard","meta":{"fifu_image_url":"","fifu_image_alt":"","footnotes":""},"categories":[6],"tags":[47],"class_list":["post-21497","post","type-post","status-publish","format-standard","has-post-thumbnail","hentry","category-entretenimento","tag-rj"],"_links":{"self":[{"href":"https:\/\/sgvaimudar.com.br\/index.php\/wp-json\/wp\/v2\/posts\/21497","targetHints":{"allow":["GET"]}}],"collection":[{"href":"https:\/\/sgvaimudar.com.br\/index.php\/wp-json\/wp\/v2\/posts"}],"about":[{"href":"https:\/\/sgvaimudar.com.br\/index.php\/wp-json\/wp\/v2\/types\/post"}],"author":[{"embeddable":true,"href":"https:\/\/sgvaimudar.com.br\/index.php\/wp-json\/wp\/v2\/users\/5"}],"replies":[{"embeddable":true,"href":"https:\/\/sgvaimudar.com.br\/index.php\/wp-json\/wp\/v2\/comments?post=21497"}],"version-history":[{"count":1,"href":"https:\/\/sgvaimudar.com.br\/index.php\/wp-json\/wp\/v2\/posts\/21497\/revisions"}],"predecessor-version":[{"id":21500,"href":"https:\/\/sgvaimudar.com.br\/index.php\/wp-json\/wp\/v2\/posts\/21497\/revisions\/21500"}],"wp:featuredmedia":[{"embeddable":true,"href":"https:\/\/sgvaimudar.com.br\/index.php\/wp-json\/wp\/v2\/media\/21499"}],"wp:attachment":[{"href":"https:\/\/sgvaimudar.com.br\/index.php\/wp-json\/wp\/v2\/media?parent=21497"}],"wp:term":[{"taxonomy":"category","embeddable":true,"href":"https:\/\/sgvaimudar.com.br\/index.php\/wp-json\/wp\/v2\/categories?post=21497"},{"taxonomy":"post_tag","embeddable":true,"href":"https:\/\/sgvaimudar.com.br\/index.php\/wp-json\/wp\/v2\/tags?post=21497"}],"curies":[{"name":"wp","href":"https:\/\/api.w.org\/{rel}","templated":true}]}}