{"id":21471,"date":"2025-03-07T08:59:00","date_gmt":"2025-03-07T11:59:00","guid":{"rendered":"https:\/\/sgvaimudar.com.br\/?p=21471"},"modified":"2025-03-07T07:24:01","modified_gmt":"2025-03-07T10:24:01","slug":"prf-prende-em-niteroi-homem-com-mandado-de-prisao-em-aberto-por-homicidio-e-outros-crimes","status":"publish","type":"post","link":"https:\/\/sgvaimudar.com.br\/index.php\/2025\/03\/07\/prf-prende-em-niteroi-homem-com-mandado-de-prisao-em-aberto-por-homicidio-e-outros-crimes\/","title":{"rendered":"PRF prende em Niter\u00f3i homem com mandado de pris\u00e3o em aberto por homic\u00eddio e outros crimes"},"content":{"rendered":"\n<p><em>Acusado passou o n\u00famero do CPF e nome pessoal errado<\/em><\/p>\n\n\n\n<p>A Pol\u00edcia Rodovi\u00e1ria Federal (PRF) prendeu na noite da quarta-feira (05\/3), um indiv\u00edduo com\u00a0mandado\u00a0de\u00a0pris\u00e3o\u00a0em aberto por homic\u00eddio, roubo qualificado e recepta\u00e7\u00e3o. A a\u00e7\u00e3o foi na BR-101 em Niter\u00f3i.<\/p>\n\n\n\n<p>Equipe fazia fiscaliza\u00e7\u00e3o de tr\u00e2nsito na BR-101 em frente ao ped\u00e1gio da Ponte Rio-Niter\u00f3i quando abordou uma motocicleta. O condutor inicialmente passou o n\u00famero do CPF e nome pessoal do seu cunhado, na tentativa de enganar os policiais.<\/p>\n\n\n\n<p>Foi verificado posteriormente o seu nome verdadeiro e que na realidade constava em seu desfavor um mandado de pris\u00e3o expedido pela Vara de Execu\u00e7\u00f5es Penais do Tribunal de Justi\u00e7a do Estado do Rio de Janeiro.<\/p>\n\n\n\n<p>A ocorr\u00eancia foi encaminhada para a Central de Flagrantes.<\/p>\n\n\n\n<p><strong><em>S\u00e3o Gon\u00e7alo vai mudar: Not\u00edcias de S\u00e3o Gon\u00e7alo e toda regi\u00e3o.<\/em><\/strong><\/p>\n\n\n\n<figure class=\"wp-block-image size-full\"><img decoding=\"async\" width=\"317\" height=\"110\" src=\"https:\/\/sgvaimudar.com.br\/wp-content\/uploads\/2023\/08\/cropped-Logo-Provisoria-2-2.png\" alt=\"\" class=\"wp-image-2782\" srcset=\"https:\/\/sgvaimudar.com.br\/wp-content\/uploads\/2023\/08\/cropped-Logo-Provisoria-2-2.png 317w, https:\/\/sgvaimudar.com.br\/wp-content\/uploads\/2023\/08\/cropped-Logo-Provisoria-2-2-300x104.png 300w\" sizes=\"(max-width: 317px) 100vw, 317px\" \/><\/figure>\n","protected":false},"excerpt":{"rendered":"<p>Acusado passou o n\u00famero do CPF e nome pessoal errado A Pol\u00edcia Rodovi\u00e1ria Federal (PRF) prendeu na noite da quarta-feira&hellip;<\/p>\n","protected":false},"author":5,"featured_media":21472,"comment_status":"open","ping_status":"open","sticky":false,"template":"","format":"standard","meta":{"fifu_image_url":"","fifu_image_alt":"","footnotes":""},"categories":[32],"tags":[39,41,40,47],"class_list":["post-21471","post","type-post","status-publish","format-standard","has-post-thumbnail","hentry","category-casos-de-policia","tag-ataque","tag-conflito","tag-guerra","tag-rj"],"_links":{"self":[{"href":"https:\/\/sgvaimudar.com.br\/index.php\/wp-json\/wp\/v2\/posts\/21471","targetHints":{"allow":["GET"]}}],"collection":[{"href":"https:\/\/sgvaimudar.com.br\/index.php\/wp-json\/wp\/v2\/posts"}],"about":[{"href":"https:\/\/sgvaimudar.com.br\/index.php\/wp-json\/wp\/v2\/types\/post"}],"author":[{"embeddable":true,"href":"https:\/\/sgvaimudar.com.br\/index.php\/wp-json\/wp\/v2\/users\/5"}],"replies":[{"embeddable":true,"href":"https:\/\/sgvaimudar.com.br\/index.php\/wp-json\/wp\/v2\/comments?post=21471"}],"version-history":[{"count":1,"href":"https:\/\/sgvaimudar.com.br\/index.php\/wp-json\/wp\/v2\/posts\/21471\/revisions"}],"predecessor-version":[{"id":21473,"href":"https:\/\/sgvaimudar.com.br\/index.php\/wp-json\/wp\/v2\/posts\/21471\/revisions\/21473"}],"wp:featuredmedia":[{"embeddable":true,"href":"https:\/\/sgvaimudar.com.br\/index.php\/wp-json\/wp\/v2\/media\/21472"}],"wp:attachment":[{"href":"https:\/\/sgvaimudar.com.br\/index.php\/wp-json\/wp\/v2\/media?parent=21471"}],"wp:term":[{"taxonomy":"category","embeddable":true,"href":"https:\/\/sgvaimudar.com.br\/index.php\/wp-json\/wp\/v2\/categories?post=21471"},{"taxonomy":"post_tag","embeddable":true,"href":"https:\/\/sgvaimudar.com.br\/index.php\/wp-json\/wp\/v2\/tags?post=21471"}],"curies":[{"name":"wp","href":"https:\/\/api.w.org\/{rel}","templated":true}]}}