{"id":21457,"date":"2025-03-06T21:00:00","date_gmt":"2025-03-07T00:00:00","guid":{"rendered":"https:\/\/sgvaimudar.com.br\/?p=21457"},"modified":"2025-03-06T11:40:34","modified_gmt":"2025-03-06T14:40:34","slug":"secretaria-de-transportes-vai-realizar-mais-um-leilao-virtual-de-veiculos","status":"publish","type":"post","link":"https:\/\/sgvaimudar.com.br\/index.php\/2025\/03\/06\/secretaria-de-transportes-vai-realizar-mais-um-leilao-virtual-de-veiculos\/","title":{"rendered":"Secretaria de Transportes vai realizar mais um leil\u00e3o virtual de ve\u00edculos"},"content":{"rendered":"\n<p><em>O preg\u00e3o acontecer\u00e1 na pr\u00f3xima ter\u00e7a-feira (11), \u00e0s 10h<\/em><\/p>\n\n\n\n<p>A Secretaria de Transportes da Prefeitura de S\u00e3o Gon\u00e7alo vai realizar mais um leil\u00e3o virtual de ve\u00edculos apreendidos e removidos no munic\u00edpio. O preg\u00e3o acontecer\u00e1 na pr\u00f3xima ter\u00e7a-feira (11), \u00e0s 10h, no\u00a0<a rel=\"noreferrer noopener\" href=\"https:\/\/click.cse360.com.br\/Click\/AddCampaignEmailClick\/2acd669b-cc2e-409d-aa97-08dd52ab6fe5\/https%253a%252f%252feblonline.com.br%252flotes%252f199\/ac66966e-2b55-4484-fb2c-08dc491eed5f\/jornalistaws@gmail.com\/False\" target=\"_blank\">https:\/\/eblonline.com.br\/lotes\/199<\/a>.<\/p>\n\n\n\n<p>Para participar de forma online basta acessar o site do leil\u00e3o, realizar o cadastro e ofertar seus lances via internet, acompanhando os lances de terceiros.<\/p>\n\n\n\n<figure class=\"wp-block-image size-full\"><img fetchpriority=\"high\" decoding=\"async\" width=\"1024\" height=\"681\" src=\"https:\/\/sgvaimudar.com.br\/wp-content\/uploads\/2025\/03\/unnamed-1-4.jpg\" alt=\"\" class=\"wp-image-21458\" srcset=\"https:\/\/sgvaimudar.com.br\/wp-content\/uploads\/2025\/03\/unnamed-1-4.jpg 1024w, https:\/\/sgvaimudar.com.br\/wp-content\/uploads\/2025\/03\/unnamed-1-4-300x200.jpg 300w, https:\/\/sgvaimudar.com.br\/wp-content\/uploads\/2025\/03\/unnamed-1-4-768x511.jpg 768w\" sizes=\"(max-width: 1024px) 100vw, 1024px\" \/><\/figure>\n\n\n\n<p>Para acessar o edital do preg\u00e3o online, basta clicar no link a seguir:&nbsp;<a href=\"https:\/\/click.cse360.com.br\/Click\/AddCampaignEmailClick\/2acd669b-cc2e-409d-aa97-08dd52ab6fe5\/https%253a%252f%252fwww.pmsg.rj.gov.br%252fwp-content%252fuploads%252f2025%252f02%252fEDITAL-DE-LEILAO-PSG03-25-PUBLICACAO.pdf\/ac66966e-2b55-4484-fb2c-08dc491eed5f\/jornalistaws@gmail.com\/False\" rel=\"noreferrer noopener\" target=\"_blank\">https:\/\/www.pmsg.rj.gov.br\/wp-content\/uploads\/2025\/02\/EDITAL-DE-LEILAO-PSG03-25-PUBLICACAO.pdf<\/a>.<\/p>\n\n\n\n<p>Todos os ve\u00edculos leiloados s\u00e3o autom\u00f3veis que n\u00e3o foram reclamados por seus propriet\u00e1rios em um prazo de 60 dias a contar da data do recolhimento, conforme o artigo 328 do C\u00f3digo de Tr\u00e2nsito Brasileiro.<\/p>\n\n\n\n<p>A visita\u00e7\u00e3o ao p\u00e1tio para inspe\u00e7\u00e3o visual dos ve\u00edculos pode ser feita at\u00e9 o dia 10 de mar\u00e7o, no hor\u00e1rio das 9h \u00e0s 12h e das 14h \u00e0s 17h, de segunda a sexta-feira, e de 9h \u00e0s 12h, aos s\u00e1bados, na Rua Doutor Nilo Pe\u00e7anha, 246, Centro. Na inspe\u00e7\u00e3o visual \u00e9 vedada quaisquer outros procedimentos tais como manuseio, experimenta\u00e7\u00e3o e remo\u00e7\u00e3o de pe\u00e7as. N\u00e3o h\u00e1 visita\u00e7\u00e3o aos domingos, feriados e no dia da realiza\u00e7\u00e3o do leil\u00e3o.<\/p>\n\n\n\n<p>Apenas poder\u00e3o participar do leil\u00e3o dos lotes, classificados como conservados, compradores residentes do Estado do Rio de Janeiro ou com declara\u00e7\u00e3o de resid\u00eancia no Estado, conforme disposto pelo Detran-RJ.<\/p>\n\n\n\n<p><em>Foto: Luiz Carvalho<\/em><\/p>\n\n\n\n<p><strong><em>S\u00e3o Gon\u00e7alo vai mudar: Not\u00edcias de S\u00e3o Gon\u00e7alo e toda regi\u00e3o.<\/em><\/strong><\/p>\n\n\n\n<figure class=\"wp-block-image size-full\"><img decoding=\"async\" width=\"317\" height=\"110\" src=\"https:\/\/sgvaimudar.com.br\/wp-content\/uploads\/2023\/08\/cropped-Logo-Provisoria-2-2.png\" alt=\"\" class=\"wp-image-2782\" srcset=\"https:\/\/sgvaimudar.com.br\/wp-content\/uploads\/2023\/08\/cropped-Logo-Provisoria-2-2.png 317w, https:\/\/sgvaimudar.com.br\/wp-content\/uploads\/2023\/08\/cropped-Logo-Provisoria-2-2-300x104.png 300w\" sizes=\"(max-width: 317px) 100vw, 317px\" \/><\/figure>\n","protected":false},"excerpt":{"rendered":"<p>O preg\u00e3o acontecer\u00e1 na pr\u00f3xima ter\u00e7a-feira (11), \u00e0s 10h A Secretaria de Transportes da Prefeitura de S\u00e3o Gon\u00e7alo vai realizar&hellip;<\/p>\n","protected":false},"author":5,"featured_media":21459,"comment_status":"open","ping_status":"open","sticky":false,"template":"","format":"standard","meta":{"fifu_image_url":"","fifu_image_alt":"","footnotes":""},"categories":[3],"tags":[47,75],"class_list":["post-21457","post","type-post","status-publish","format-standard","has-post-thumbnail","hentry","category-sao-goncalo","tag-rj","tag-sao-goncalo"],"_links":{"self":[{"href":"https:\/\/sgvaimudar.com.br\/index.php\/wp-json\/wp\/v2\/posts\/21457","targetHints":{"allow":["GET"]}}],"collection":[{"href":"https:\/\/sgvaimudar.com.br\/index.php\/wp-json\/wp\/v2\/posts"}],"about":[{"href":"https:\/\/sgvaimudar.com.br\/index.php\/wp-json\/wp\/v2\/types\/post"}],"author":[{"embeddable":true,"href":"https:\/\/sgvaimudar.com.br\/index.php\/wp-json\/wp\/v2\/users\/5"}],"replies":[{"embeddable":true,"href":"https:\/\/sgvaimudar.com.br\/index.php\/wp-json\/wp\/v2\/comments?post=21457"}],"version-history":[{"count":1,"href":"https:\/\/sgvaimudar.com.br\/index.php\/wp-json\/wp\/v2\/posts\/21457\/revisions"}],"predecessor-version":[{"id":21460,"href":"https:\/\/sgvaimudar.com.br\/index.php\/wp-json\/wp\/v2\/posts\/21457\/revisions\/21460"}],"wp:featuredmedia":[{"embeddable":true,"href":"https:\/\/sgvaimudar.com.br\/index.php\/wp-json\/wp\/v2\/media\/21459"}],"wp:attachment":[{"href":"https:\/\/sgvaimudar.com.br\/index.php\/wp-json\/wp\/v2\/media?parent=21457"}],"wp:term":[{"taxonomy":"category","embeddable":true,"href":"https:\/\/sgvaimudar.com.br\/index.php\/wp-json\/wp\/v2\/categories?post=21457"},{"taxonomy":"post_tag","embeddable":true,"href":"https:\/\/sgvaimudar.com.br\/index.php\/wp-json\/wp\/v2\/tags?post=21457"}],"curies":[{"name":"wp","href":"https:\/\/api.w.org\/{rel}","templated":true}]}}