{"id":21452,"date":"2025-03-06T16:00:00","date_gmt":"2025-03-06T19:00:00","guid":{"rendered":"https:\/\/sgvaimudar.com.br\/?p=21452"},"modified":"2025-03-06T11:21:41","modified_gmt":"2025-03-06T14:21:41","slug":"campea-da-serie-ouro-das-escolas-do-rio-sera-conhecida-nesta-quinta-6","status":"publish","type":"post","link":"https:\/\/sgvaimudar.com.br\/index.php\/2025\/03\/06\/campea-da-serie-ouro-das-escolas-do-rio-sera-conhecida-nesta-quinta-6\/","title":{"rendered":"Campe\u00e3 da S\u00e9rie Ouro das escolas do Rio ser\u00e1\u00a0conhecida nesta quinta 6"},"content":{"rendered":"\n<p><em>Agremia\u00e7\u00e3o vencedora desfilar\u00e1 no Grupo Especial em 2026<\/em><\/p>\n\n\n\n<p>O resultado final da S\u00e9rie Ouro, a segunda divis\u00e3o das escolas de samba cariocas, ser\u00e1 conhecido nesta quinta-feira (6).\u00a0A apura\u00e7\u00e3o das notas concedidas pelos 36 jurados, durante os desfiles dos dias 28 de fevereiro e 1\u00ba de mar\u00e7o, no Samb\u00f3dromo do Rio de Janeiro, come\u00e7ar\u00e1 \u00e0s 17h.<img decoding=\"async\" src=\"https:\/\/agenciabrasil.ebc.com.br\/ebc.png?id=1633468&amp;o=node\"><img decoding=\"async\" src=\"https:\/\/agenciabrasil.ebc.com.br\/ebc.gif?id=1633468&amp;o=node\"><\/p>\n\n\n\n<p>As escolas foram avaliadas em nove quesitos, assim como no Grupo Especial: mestre-sala e porta-bandeira; comiss\u00e3o de frente; evolu\u00e7\u00e3o; enredo; fantasia; alegorias e adere\u00e7os; harmonia; samba-enredo e bateria.<\/p>\n\n\n\n<p>Treze escolas de samba disputam o t\u00edtulo deste ano. A campe\u00e3 ganhar\u00e1 o direito de desfilar pelo Grupo Especial, a primeira divis\u00e3o do samba, no carnaval de 2026. As duas \u00faltimas colocadas ser\u00e3o rebaixadas para a S\u00e9rie Prata, a terceira divis\u00e3o, que desfila na avenida Intendente Magalh\u00e3es, em Madureira, na zona norte do Rio.<\/p>\n\n\n\n<p>Tr\u00eas escolas que desfilaram na S\u00e9rie Ouro este ano (Imp\u00e9rio Serrano, Unidos da Ponte e Unidos de Bangu) n\u00e3o disputar\u00e3o o t\u00edtulo e nem poder\u00e3o ser rebaixadas.\u00a0Isso porque um inc\u00eandio ocorrido na confec\u00e7\u00e3o Maximus, semanas antes do carnaval, destruiu grande parte das fantasias dessas agremia\u00e7\u00f5es.<\/p>\n\n\n\n<p>Portanto, concorrem ao t\u00edtulo a Tradi\u00e7\u00e3o e Botafogo Samba Clube (campe\u00e3s da S\u00e9rie Prata em 2024), Unidos do Porto da Pedra (rebaixada do Grupo Especial em 2024), Est\u00e1cio de S\u00e1 (que j\u00e1 foi campe\u00e3 do Grupo Especial em 1992), Arranco, Inocentes de Belford Roxo, Uni\u00e3o de Maric\u00e1, Em Cima da Hora, Uni\u00e3o da Ilha, Uni\u00e3o do Parque Acari, Acad\u00eamicos de Vig\u00e1rio Geral, S\u00e3o Clemente e Acad\u00eamicos de Niter\u00f3i.<\/p>\n\n\n\n<p><strong><em>S\u00e3o Gon\u00e7alo vai mudar: Not\u00edcias de S\u00e3o Gon\u00e7alo e toda regi\u00e3o.<\/em><\/strong><\/p>\n\n\n\n<figure class=\"wp-block-image size-full\"><img decoding=\"async\" width=\"317\" height=\"110\" src=\"https:\/\/sgvaimudar.com.br\/wp-content\/uploads\/2023\/08\/cropped-Logo-Provisoria-2-2.png\" alt=\"\" class=\"wp-image-2782\" srcset=\"https:\/\/sgvaimudar.com.br\/wp-content\/uploads\/2023\/08\/cropped-Logo-Provisoria-2-2.png 317w, https:\/\/sgvaimudar.com.br\/wp-content\/uploads\/2023\/08\/cropped-Logo-Provisoria-2-2-300x104.png 300w\" sizes=\"(max-width: 317px) 100vw, 317px\" \/><\/figure>\n","protected":false},"excerpt":{"rendered":"<p>Agremia\u00e7\u00e3o vencedora desfilar\u00e1 no Grupo Especial em 2026 O resultado final da S\u00e9rie Ouro, a segunda divis\u00e3o das escolas de&hellip;<\/p>\n","protected":false},"author":5,"featured_media":21203,"comment_status":"open","ping_status":"open","sticky":false,"template":"","format":"standard","meta":{"fifu_image_url":"","fifu_image_alt":"","footnotes":""},"categories":[6],"tags":[47,75,73],"class_list":["post-21452","post","type-post","status-publish","format-standard","has-post-thumbnail","hentry","category-entretenimento","tag-rj","tag-sao-goncalo","tag-votacao"],"_links":{"self":[{"href":"https:\/\/sgvaimudar.com.br\/index.php\/wp-json\/wp\/v2\/posts\/21452","targetHints":{"allow":["GET"]}}],"collection":[{"href":"https:\/\/sgvaimudar.com.br\/index.php\/wp-json\/wp\/v2\/posts"}],"about":[{"href":"https:\/\/sgvaimudar.com.br\/index.php\/wp-json\/wp\/v2\/types\/post"}],"author":[{"embeddable":true,"href":"https:\/\/sgvaimudar.com.br\/index.php\/wp-json\/wp\/v2\/users\/5"}],"replies":[{"embeddable":true,"href":"https:\/\/sgvaimudar.com.br\/index.php\/wp-json\/wp\/v2\/comments?post=21452"}],"version-history":[{"count":1,"href":"https:\/\/sgvaimudar.com.br\/index.php\/wp-json\/wp\/v2\/posts\/21452\/revisions"}],"predecessor-version":[{"id":21453,"href":"https:\/\/sgvaimudar.com.br\/index.php\/wp-json\/wp\/v2\/posts\/21452\/revisions\/21453"}],"wp:featuredmedia":[{"embeddable":true,"href":"https:\/\/sgvaimudar.com.br\/index.php\/wp-json\/wp\/v2\/media\/21203"}],"wp:attachment":[{"href":"https:\/\/sgvaimudar.com.br\/index.php\/wp-json\/wp\/v2\/media?parent=21452"}],"wp:term":[{"taxonomy":"category","embeddable":true,"href":"https:\/\/sgvaimudar.com.br\/index.php\/wp-json\/wp\/v2\/categories?post=21452"},{"taxonomy":"post_tag","embeddable":true,"href":"https:\/\/sgvaimudar.com.br\/index.php\/wp-json\/wp\/v2\/tags?post=21452"}],"curies":[{"name":"wp","href":"https:\/\/api.w.org\/{rel}","templated":true}]}}