{"id":21448,"date":"2025-03-06T17:00:00","date_gmt":"2025-03-06T20:00:00","guid":{"rendered":"https:\/\/sgvaimudar.com.br\/?p=21448"},"modified":"2025-03-06T11:14:20","modified_gmt":"2025-03-06T14:14:20","slug":"crianca-morre-apos-ser-atingida-por-pilastra-em-condominio-no-recreio","status":"publish","type":"post","link":"https:\/\/sgvaimudar.com.br\/index.php\/2025\/03\/06\/crianca-morre-apos-ser-atingida-por-pilastra-em-condominio-no-recreio\/","title":{"rendered":"Crian\u00e7a morre ap\u00f3s ser atingida por pilastra em condom\u00ednio no Recreio"},"content":{"rendered":"\n<p><em>A menina de apenas 7 anos n\u00e3o resistiu ap\u00f3s sofrer uma parada cardiorrespirat\u00f3ria. O caso \u00e9 investigado pela Pol\u00edcia Civil<\/em><\/p>\n\n\n\n<p>Uma crian\u00e7a de 7 anos morreu ap\u00f3s ser atingida na cabe\u00e7a por uma pilastra em um condom\u00ednio no Recreio dos Bandeirantes, na Zona Oeste, na noite de ter\u00e7a-feira (4). A\u00a0menina estava brincando na \u00e1rea kids no momento do acidente.<\/p>\n\n\n\n<p>De acordo com moradores, o espa\u00e7o teria sido reformado recentemete. &#8220;O s\u00edndico colocou duas redes, que o pessoal chama de esteiras, aquelas mais largas, fixadas em quatro colunas de concreto no play, para as pessoas sentarem e conversarem. Essa menina estava balan\u00e7ando quando uma dessas colunas, que n\u00e3o estava bem fixada no ch\u00e3o, despencou e caiu em cima da cabe\u00e7a dela&#8221;,\u00a0revelou uma testemunha.<\/p>\n\n\n\n<figure class=\"wp-block-image size-full\"><img fetchpriority=\"high\" decoding=\"async\" width=\"643\" height=\"507\" src=\"https:\/\/sgvaimudar.com.br\/wp-content\/uploads\/2025\/03\/crian.jpg\" alt=\"\" class=\"wp-image-21450\" srcset=\"https:\/\/sgvaimudar.com.br\/wp-content\/uploads\/2025\/03\/crian.jpg 643w, https:\/\/sgvaimudar.com.br\/wp-content\/uploads\/2025\/03\/crian-300x237.jpg 300w\" sizes=\"(max-width: 643px) 100vw, 643px\" \/><\/figure>\n\n\n\n<p>Ainda segundo relatos, a obra foi realizada pelo zelador do pr\u00e9dio e n\u00e3o teria sido aprovada pelos moradores. O acidente foi gravado por c\u00e2meras de seguran\u00e7a do local.<\/p>\n\n\n\n<p>Em\u00a0imagens obtidas pela reportagem,<strong>\u00a0<\/strong>foi poss\u00edvel ver o momento em que a v\u00edtima e mais cinco crian\u00e7as brincavam no espa\u00e7o. Enquanto quatro estavam no balan\u00e7o, outras duas empurravam. Com a queda da coluna, as meninas ainda tentaram socorrer a amiga e depois correram desesperadamente em busca de ajuda.<\/p>\n\n\n\n<p>Segundo o Corpo de Bombeiros, o acionamento ocorreu \u00e0s 18h29 para a Avenida Jos\u00e9 Luiz Ferraz, altura do n\u00famero 50. No local, a menina ainda foi encontrada com vida, mas teve uma parada cardiorrespirat\u00f3ria e n\u00e3o resistiu.<\/p>\n\n\n\n<p>O caso foi registrado na 42\u00aa DP (Recreio dos Bandeirantes). De acordo com a Pol\u00edcia Civil, a per\u00edcia foi solicitada. Os agentes est\u00e3o ouvindo testemunhas e outras dilig\u00eancias est\u00e3o em andamento para esclarecer os fatos.<\/p>\n\n\n\n<p>De acordo com o delegado Alan Luxardo, respons\u00e1vel pelo caso, todas as pessoas envolvidas na situa\u00e7\u00e3o foram intimadas a prestar depoimento.<\/p>\n\n\n\n<p>&#8220;O que est\u00e1 sendo analisado \u00e9 qual tipo de erro que houve, se \u00e9 um erro de projeto, execu\u00e7\u00e3o, ou manuten\u00e7\u00e3o, porque algum erro teve. Todos aqueles que podem ter contribu\u00eddo para esse erro ser\u00e3o indiciados e responsabilizados por homic\u00eddio culposo&#8221;, disse.<\/p>\n\n\n\n<p><em>Fonte O Dia<\/em><\/p>\n\n\n\n<figure class=\"wp-block-image size-full\"><img decoding=\"async\" width=\"317\" height=\"110\" src=\"https:\/\/sgvaimudar.com.br\/wp-content\/uploads\/2023\/08\/cropped-Logo-Provisoria-2-2.png\" alt=\"\" class=\"wp-image-2782\" srcset=\"https:\/\/sgvaimudar.com.br\/wp-content\/uploads\/2023\/08\/cropped-Logo-Provisoria-2-2.png 317w, https:\/\/sgvaimudar.com.br\/wp-content\/uploads\/2023\/08\/cropped-Logo-Provisoria-2-2-300x104.png 300w\" sizes=\"(max-width: 317px) 100vw, 317px\" \/><\/figure>\n","protected":false},"excerpt":{"rendered":"<p>A menina de apenas 7 anos n\u00e3o resistiu ap\u00f3s sofrer uma parada cardiorrespirat\u00f3ria. O caso \u00e9 investigado pela Pol\u00edcia Civil&hellip;<\/p>\n","protected":false},"author":5,"featured_media":21449,"comment_status":"open","ping_status":"open","sticky":false,"template":"","format":"standard","meta":{"fifu_image_url":"","fifu_image_alt":"","footnotes":""},"categories":[32],"tags":[47],"class_list":["post-21448","post","type-post","status-publish","format-standard","has-post-thumbnail","hentry","category-casos-de-policia","tag-rj"],"_links":{"self":[{"href":"https:\/\/sgvaimudar.com.br\/index.php\/wp-json\/wp\/v2\/posts\/21448","targetHints":{"allow":["GET"]}}],"collection":[{"href":"https:\/\/sgvaimudar.com.br\/index.php\/wp-json\/wp\/v2\/posts"}],"about":[{"href":"https:\/\/sgvaimudar.com.br\/index.php\/wp-json\/wp\/v2\/types\/post"}],"author":[{"embeddable":true,"href":"https:\/\/sgvaimudar.com.br\/index.php\/wp-json\/wp\/v2\/users\/5"}],"replies":[{"embeddable":true,"href":"https:\/\/sgvaimudar.com.br\/index.php\/wp-json\/wp\/v2\/comments?post=21448"}],"version-history":[{"count":1,"href":"https:\/\/sgvaimudar.com.br\/index.php\/wp-json\/wp\/v2\/posts\/21448\/revisions"}],"predecessor-version":[{"id":21451,"href":"https:\/\/sgvaimudar.com.br\/index.php\/wp-json\/wp\/v2\/posts\/21448\/revisions\/21451"}],"wp:featuredmedia":[{"embeddable":true,"href":"https:\/\/sgvaimudar.com.br\/index.php\/wp-json\/wp\/v2\/media\/21449"}],"wp:attachment":[{"href":"https:\/\/sgvaimudar.com.br\/index.php\/wp-json\/wp\/v2\/media?parent=21448"}],"wp:term":[{"taxonomy":"category","embeddable":true,"href":"https:\/\/sgvaimudar.com.br\/index.php\/wp-json\/wp\/v2\/categories?post=21448"},{"taxonomy":"post_tag","embeddable":true,"href":"https:\/\/sgvaimudar.com.br\/index.php\/wp-json\/wp\/v2\/tags?post=21448"}],"curies":[{"name":"wp","href":"https:\/\/api.w.org\/{rel}","templated":true}]}}