{"id":21444,"date":"2025-03-06T15:00:00","date_gmt":"2025-03-06T18:00:00","guid":{"rendered":"https:\/\/sgvaimudar.com.br\/?p=21444"},"modified":"2025-03-06T11:05:16","modified_gmt":"2025-03-06T14:05:16","slug":"rio-de-janeiro-celebra-carnaval-com-seguranca-aprovada-por-cariocas-e-turistas","status":"publish","type":"post","link":"https:\/\/sgvaimudar.com.br\/index.php\/2025\/03\/06\/rio-de-janeiro-celebra-carnaval-com-seguranca-aprovada-por-cariocas-e-turistas\/","title":{"rendered":"Rio de Janeiro celebra Carnaval com seguran\u00e7a aprovada por cariocas e turistas"},"content":{"rendered":"\n<p><em>Tecnologia e refor\u00e7o policial garantiram tranquilidade no Samb\u00f3dromo e em festas de todo o estado<\/em><\/p>\n\n\n\n<p>O esquema de seguran\u00e7a implantado pelo Governo do Estado durante o Carnaval, que contou com um efetivo de 26 mil agentes entre policiais militares, civis, bombeiros e equipes do Seguran\u00e7a Presente, recebeu elogios dos foli\u00f5es. O refor\u00e7o no policiamento p\u00f4de ser visto nas ruas do Rio de Janeiro, tanto na capital quanto nas cidades da Regi\u00e3o dos Lagos e do interior do estado.<\/p>\n\n\n\n<p>No Samb\u00f3dromo, palco dos desfiles do Grupo Especial e da S\u00e9rie Ouro, seis torres de observa\u00e7\u00e3o, 51 viaturas, al\u00e9m de unidades do Batalh\u00e3o de Choque e o CICC M\u00f3vel garantiram o monitoramento completo do espet\u00e1culo dentro e fora do evento durante os 5 dias de desfiles.<\/p>\n\n\n\n<figure class=\"wp-block-image size-large\"><img fetchpriority=\"high\" decoding=\"async\" width=\"1024\" height=\"621\" src=\"https:\/\/sgvaimudar.com.br\/wp-content\/uploads\/2025\/03\/RCP_0252-1024x621.jpg\" alt=\"\" class=\"wp-image-21446\" srcset=\"https:\/\/sgvaimudar.com.br\/wp-content\/uploads\/2025\/03\/RCP_0252-1024x621.jpg 1024w, https:\/\/sgvaimudar.com.br\/wp-content\/uploads\/2025\/03\/RCP_0252-300x182.jpg 300w, https:\/\/sgvaimudar.com.br\/wp-content\/uploads\/2025\/03\/RCP_0252-768x466.jpg 768w, https:\/\/sgvaimudar.com.br\/wp-content\/uploads\/2025\/03\/RCP_0252-1536x932.jpg 1536w, https:\/\/sgvaimudar.com.br\/wp-content\/uploads\/2025\/03\/RCP_0252-2048x1242.jpg 2048w\" sizes=\"(max-width: 1024px) 100vw, 1024px\" \/><\/figure>\n\n\n\n<p>-Trabalhamos para garantir a seguran\u00e7a n\u00e3o s\u00f3 na Sapuca\u00ed, mas em todo o estado do Rio de Janeiro. Na capital foram mais de 40 blocos por dia, praias lotadas e at\u00e9 jogo no Maracan\u00e3, tudo acontecendo simultaneamente. A Pol\u00edcia Militar e a Pol\u00edcia Civil atuaram com planejamento e efici\u00eancia para que cariocas e turistas pudessem aproveitar a festa com tranquilidade. N\u00e3o tenho d\u00favida de que nossas for\u00e7as de seguran\u00e7a foram fundamentais para o sucesso dessa celebra\u00e7\u00e3o \u2013 disse o governador Cl\u00e1udio Castro.<\/p>\n\n\n\n<p>C\u00e2meras de reconhecimento facial mais uma vez foram grandes aliadas do evento, colaborando com a identifica\u00e7\u00e3o de suspeitos, foragidos da Justi\u00e7a e na localiza\u00e7\u00e3o de pessoas desaparecidas. Na ter\u00e7a-feira (04\/03), a Pol\u00edcia Militar atingiu a marca de 500 presos com aux\u00edlio desta ferramenta, com a pris\u00e3o de um homem com mandado de pris\u00e3o em aberto pelo crime de roubo. Desde sexta-feira (28\/02), a Pol\u00edcia Militar j\u00e1 identificou 12 pessoas com mandados de pris\u00e3o em aberto, sendo cinco delas na regi\u00e3o central do Rio de Janeiro.<\/p>\n\n\n\n<p>O microempres\u00e1rio Giovani Viana assistiu com a esposa aos desfiles da s\u00e9rie prata na Intendente Magalh\u00e3es no in\u00edcio da semana, e nesta ter\u00e7a-feira (04\/02), o casal chegou cedo para o \u00faltimo dia de apresenta\u00e7\u00e3o do Grupo Especial na Sapuca\u00ed. Ele conta que a seguran\u00e7a em ambos os eventos foram pontos positivos do Carnaval.<\/p>\n\n\n\n<p>&#8211; No desfile da Intendente ficamos surpresos com tanto policiamento. Minha esposa chegou a pensar que as c\u00e2meras de monitoramento eram equipamentos de transmiss\u00e3o dos desfiles. E aqui n\u00e3o foi diferente. Estamos nos sentindo muito seguros &#8211; ressaltou o microempres\u00e1rio.<\/p>\n\n\n\n<p>Na ter\u00e7a-feira (04\/03), policiais do 9\u00ba BPM (Rocha Miranda) efetuaram a pris\u00e3o de um homem suspeito, flagrado pelo sistema de reconhecimento facial no entorno da Estrada Intendente Magalh\u00e3es, no Campinho, Zona Norte do Rio. O foragido foi abordado pelos policiais e conduzido \u00e0 29\u00aa DP (Madureira).<\/p>\n\n\n\n<p>Outro destaque na seguran\u00e7a foi a implementa\u00e7\u00e3o da Pulseira Digital, uma inova\u00e7\u00e3o do Governo do Estado para localizar rapidamente pessoas em grandes aglomera\u00e7\u00f5es. Integrado ao aplicativo 190RJ, o sistema permitiu que familiares cadastrassem informa\u00e7\u00f5es de crian\u00e7as e idosos, facilitando a identifica\u00e7\u00e3o por meio das c\u00e2meras inteligentes espalhadas pela cidade.<\/p>\n\n\n\n<p><strong>Mais prote\u00e7\u00e3o na capital e no interior<\/strong><\/p>\n\n\n\n<p>Al\u00e9m da Sapuca\u00ed, a tecnologia tamb\u00e9m esteve presente nos blocos de rua, nos grandes corredores da folia e em pontos tur\u00edsticos. Trinta torres de seguran\u00e7a foram instaladas nos principais locais de concentra\u00e7\u00e3o, como na Rua Primeiro de Mar\u00e7o e na Intendente Magalh\u00e3es. Policiais do BPTur garantiram refor\u00e7o em \u00e1reas tur\u00edsticas, enquanto a PM montou corredores de seguran\u00e7a no Centro e na Zona Sul, incluindo revistas com detectores de metais no metr\u00f4 de Copacabana, Ipanema e Leblon.<\/p>\n\n\n\n<p>O patrulhamento no interior do estado tamb\u00e9m foi refor\u00e7ado. Em Niter\u00f3i, Cabo Frio e B\u00fazios, a PM atuou com um contingente ampliado, enquanto o Corpo de Bombeiros mobilizou 10 mil militares em todo o territ\u00f3rio fluminense, incluindo 2.100 guarda-vidas para garantir a seguran\u00e7a nas praias.<\/p>\n\n\n\n<p><strong>Compromisso com a seguran\u00e7a das mulheres<\/strong><\/p>\n\n\n\n<p>Outro ponto forte do esquema de seguran\u00e7a no Carnaval foi a atua\u00e7\u00e3o da Patrulha Maria da Penha, que contou com o refor\u00e7o de 49 equipes em todo o estado para coibir ass\u00e9dio e viol\u00eancia contra as mulheres. J\u00e1 a Pol\u00edcia Civil refor\u00e7ou o atendimento a v\u00edtimas de crimes de intoler\u00e2ncia, preconceito e viol\u00eancia de g\u00eanero, com delegacias preparadas para acolher foli\u00e3s e turistas. A campanha da Secretaria da Mulher \u201cN\u00e3o \u00e9 n\u00e3o, respeite a decis\u00e3o\u201d, contra o ass\u00e9dio, tamb\u00e9m foi refor\u00e7ada em todo o estado.<\/p>\n\n\n\n<p><strong>Fiscaliza\u00e7\u00e3o e preven\u00e7\u00e3o nas estradas<\/strong><\/p>\n\n\n\n<p>Nas rodovias estaduais, o Comando de Policiamento Rodovi\u00e1rio (CPRv) refor\u00e7ou a seguran\u00e7a com 74 viaturas, garantindo um tr\u00e2nsito mais seguro para quem viajou no feriado. Al\u00e9m disso, a Opera\u00e7\u00e3o Lei Seca esteve presente no Samb\u00f3dromo, fiscalizando todos os motoristas de carros aleg\u00f3ricos antes dos desfiles e promovendo a\u00e7\u00f5es educativas sobre os riscos da combina\u00e7\u00e3o entre \u00e1lcool e dire\u00e7\u00e3o.<\/p>\n\n\n\n<p><em>Fotos: Rafael Campos<\/em><\/p>\n\n\n\n<p><strong><em>S\u00e3o Gon\u00e7alo vai mudar: Not\u00edcias de S\u00e3o Gon\u00e7alo e toda regi\u00e3o.<\/em><\/strong><\/p>\n\n\n\n<figure class=\"wp-block-image size-full\"><img decoding=\"async\" width=\"317\" height=\"110\" src=\"https:\/\/sgvaimudar.com.br\/wp-content\/uploads\/2023\/08\/cropped-Logo-Provisoria-2-2.png\" alt=\"\" class=\"wp-image-2782\" srcset=\"https:\/\/sgvaimudar.com.br\/wp-content\/uploads\/2023\/08\/cropped-Logo-Provisoria-2-2.png 317w, https:\/\/sgvaimudar.com.br\/wp-content\/uploads\/2023\/08\/cropped-Logo-Provisoria-2-2-300x104.png 300w\" sizes=\"(max-width: 317px) 100vw, 317px\" \/><\/figure>\n","protected":false},"excerpt":{"rendered":"<p>Tecnologia e refor\u00e7o policial garantiram tranquilidade no Samb\u00f3dromo e em festas de todo o estado O esquema de seguran\u00e7a implantado&hellip;<\/p>\n","protected":false},"author":5,"featured_media":21445,"comment_status":"open","ping_status":"open","sticky":false,"template":"","format":"standard","meta":{"fifu_image_url":"","fifu_image_alt":"","footnotes":""},"categories":[4],"tags":[],"class_list":["post-21444","post","type-post","status-publish","format-standard","has-post-thumbnail","hentry","category-brasil"],"_links":{"self":[{"href":"https:\/\/sgvaimudar.com.br\/index.php\/wp-json\/wp\/v2\/posts\/21444","targetHints":{"allow":["GET"]}}],"collection":[{"href":"https:\/\/sgvaimudar.com.br\/index.php\/wp-json\/wp\/v2\/posts"}],"about":[{"href":"https:\/\/sgvaimudar.com.br\/index.php\/wp-json\/wp\/v2\/types\/post"}],"author":[{"embeddable":true,"href":"https:\/\/sgvaimudar.com.br\/index.php\/wp-json\/wp\/v2\/users\/5"}],"replies":[{"embeddable":true,"href":"https:\/\/sgvaimudar.com.br\/index.php\/wp-json\/wp\/v2\/comments?post=21444"}],"version-history":[{"count":1,"href":"https:\/\/sgvaimudar.com.br\/index.php\/wp-json\/wp\/v2\/posts\/21444\/revisions"}],"predecessor-version":[{"id":21447,"href":"https:\/\/sgvaimudar.com.br\/index.php\/wp-json\/wp\/v2\/posts\/21444\/revisions\/21447"}],"wp:featuredmedia":[{"embeddable":true,"href":"https:\/\/sgvaimudar.com.br\/index.php\/wp-json\/wp\/v2\/media\/21445"}],"wp:attachment":[{"href":"https:\/\/sgvaimudar.com.br\/index.php\/wp-json\/wp\/v2\/media?parent=21444"}],"wp:term":[{"taxonomy":"category","embeddable":true,"href":"https:\/\/sgvaimudar.com.br\/index.php\/wp-json\/wp\/v2\/categories?post=21444"},{"taxonomy":"post_tag","embeddable":true,"href":"https:\/\/sgvaimudar.com.br\/index.php\/wp-json\/wp\/v2\/tags?post=21444"}],"curies":[{"name":"wp","href":"https:\/\/api.w.org\/{rel}","templated":true}]}}