{"id":21421,"date":"2025-03-06T09:14:19","date_gmt":"2025-03-06T12:14:19","guid":{"rendered":"https:\/\/sgvaimudar.com.br\/?p=21421"},"modified":"2025-03-06T09:17:05","modified_gmt":"2025-03-06T12:17:05","slug":"homem-foge-apos-agredir-mulher-em-sao-goncalo","status":"publish","type":"post","link":"https:\/\/sgvaimudar.com.br\/index.php\/2025\/03\/06\/homem-foge-apos-agredir-mulher-em-sao-goncalo\/","title":{"rendered":"Homem foge ap\u00f3s agredir mulher em S\u00e3o Gon\u00e7alo"},"content":{"rendered":"\n<p>O caso <em>foi levado para a Delegacia de Atendimento a Mulher (Deam), o agressor, \u00e9 um Guarda Municipal <\/em><\/p>\n\n\n\n<p>Um homem fugiu na noite desta quarta-feira (5\/3) depois de agredir uma mulher no bairro Coluband\u00ea, em\u00a0S\u00e3o Gon\u00e7alo. A v\u00edtima disse que o acusado, seu ex-companheiro, seria um guarda municipal e que ele trabalha no Centro do Rio de Janeiro.<\/p>\n\n\n\n<p>As equipes que cuidam da central de monitoramento de seguran\u00e7a do munic\u00edpio alertaram a Delegacia de Atendimento a Mulher (Deam), que est\u00e1 a procura de Marcio Alexandre Peixoto Correa, de 35 anos, como foi identificado.<\/p>\n\n\n\n<p><strong>DIN\u00c2MICA <\/strong>&#8211; Segundo a PM, uma guarni\u00e7\u00e3o foi acionada via r\u00e1dio para proceder na altura do n\u00famero 250 da Avenida Jornalista Roberto Marinho, para atender uma ocorr\u00eancia de les\u00e3o corporal e viol\u00eancia dom\u00e9stica contra a mulher.<\/p>\n\n\n\n<p>Ao chegar no local, os policiais fizeram contato com a v\u00edtima que estava bem agitada e informou que havia sido agredida pelo seu ex companheiro. Segundo a pol\u00edcia, como o acusado n\u00e3o se encontrava no local, a guarni\u00e7\u00e3o procedeu com a v\u00edtima at\u00e9 a Deam onde foi feito o registro da ocorr\u00eancia.<\/p>\n\n\n\n<p><strong><em>S\u00e3o Gon\u00e7alo vai mudar: Not\u00edcias de S\u00e3o Gon\u00e7alo e toda regi\u00e3o.<\/em><\/strong><\/p>\n\n\n\n<figure class=\"wp-block-image size-full\"><img decoding=\"async\" width=\"317\" height=\"110\" src=\"https:\/\/sgvaimudar.com.br\/wp-content\/uploads\/2023\/08\/cropped-Logo-Provisoria-2-2.png\" alt=\"\" class=\"wp-image-2782\" srcset=\"https:\/\/sgvaimudar.com.br\/wp-content\/uploads\/2023\/08\/cropped-Logo-Provisoria-2-2.png 317w, https:\/\/sgvaimudar.com.br\/wp-content\/uploads\/2023\/08\/cropped-Logo-Provisoria-2-2-300x104.png 300w\" sizes=\"(max-width: 317px) 100vw, 317px\" \/><\/figure>\n","protected":false},"excerpt":{"rendered":"<p>O caso foi levado para a Delegacia de Atendimento a Mulher (Deam), o agressor, \u00e9 um Guarda Municipal Um homem&hellip;<\/p>\n","protected":false},"author":5,"featured_media":18151,"comment_status":"open","ping_status":"open","sticky":false,"template":"","format":"standard","meta":{"fifu_image_url":"","fifu_image_alt":"","footnotes":""},"categories":[32],"tags":[39,41,47,75],"class_list":["post-21421","post","type-post","status-publish","format-standard","has-post-thumbnail","hentry","category-casos-de-policia","tag-ataque","tag-conflito","tag-rj","tag-sao-goncalo"],"_links":{"self":[{"href":"https:\/\/sgvaimudar.com.br\/index.php\/wp-json\/wp\/v2\/posts\/21421","targetHints":{"allow":["GET"]}}],"collection":[{"href":"https:\/\/sgvaimudar.com.br\/index.php\/wp-json\/wp\/v2\/posts"}],"about":[{"href":"https:\/\/sgvaimudar.com.br\/index.php\/wp-json\/wp\/v2\/types\/post"}],"author":[{"embeddable":true,"href":"https:\/\/sgvaimudar.com.br\/index.php\/wp-json\/wp\/v2\/users\/5"}],"replies":[{"embeddable":true,"href":"https:\/\/sgvaimudar.com.br\/index.php\/wp-json\/wp\/v2\/comments?post=21421"}],"version-history":[{"count":2,"href":"https:\/\/sgvaimudar.com.br\/index.php\/wp-json\/wp\/v2\/posts\/21421\/revisions"}],"predecessor-version":[{"id":21423,"href":"https:\/\/sgvaimudar.com.br\/index.php\/wp-json\/wp\/v2\/posts\/21421\/revisions\/21423"}],"wp:featuredmedia":[{"embeddable":true,"href":"https:\/\/sgvaimudar.com.br\/index.php\/wp-json\/wp\/v2\/media\/18151"}],"wp:attachment":[{"href":"https:\/\/sgvaimudar.com.br\/index.php\/wp-json\/wp\/v2\/media?parent=21421"}],"wp:term":[{"taxonomy":"category","embeddable":true,"href":"https:\/\/sgvaimudar.com.br\/index.php\/wp-json\/wp\/v2\/categories?post=21421"},{"taxonomy":"post_tag","embeddable":true,"href":"https:\/\/sgvaimudar.com.br\/index.php\/wp-json\/wp\/v2\/tags?post=21421"}],"curies":[{"name":"wp","href":"https:\/\/api.w.org\/{rel}","templated":true}]}}