{"id":21400,"date":"2025-03-06T07:09:32","date_gmt":"2025-03-06T10:09:32","guid":{"rendered":"https:\/\/sgvaimudar.com.br\/?p=21400"},"modified":"2025-03-06T07:09:32","modified_gmt":"2025-03-06T10:09:32","slug":"gostinho-de-quero-mais-carnaval-raiz-2025-de-sg-levou-diversao-alegria-e-inclusao-para-os-folioes","status":"publish","type":"post","link":"https:\/\/sgvaimudar.com.br\/index.php\/2025\/03\/06\/gostinho-de-quero-mais-carnaval-raiz-2025-de-sg-levou-diversao-alegria-e-inclusao-para-os-folioes\/","title":{"rendered":"Gostinho de quero mais: Carnaval Raiz 2025 de SG levou divers\u00e3o, alegria e inclus\u00e3o para os foli\u00f5es"},"content":{"rendered":"\n<p><em>Com foco na divers\u00e3o para todas as idades, evento promoveu felicidade e gerou oportunidades para os gon\u00e7alenses<\/em><\/p>\n\n\n\n<p>O\u00a0Carnaval Raiz 2025 chegou ao fim nesta ter\u00e7a-feira (04), repleto de alegria e energia em S\u00e3o Gon\u00e7alo. As matin\u00eas, voltadas especialmente para as crian\u00e7as, garantiram uma tarde inesquec\u00edvel, com muita dan\u00e7a, divers\u00e3o e a participa\u00e7\u00e3o da garotada, que aproveitou cada momento da festa.<\/p>\n\n\n\n<p>O evento, promovido pela Secretaria de Turismo e Cultura da Prefeitura de S\u00e3o Gon\u00e7alo, foi um grande sucesso, com uma programa\u00e7\u00e3o diversificada que agradou foli\u00f5es de todas as idades. <\/p>\n\n\n\n<figure class=\"wp-block-image size-full\"><img fetchpriority=\"high\" decoding=\"async\" width=\"1024\" height=\"683\" src=\"https:\/\/sgvaimudar.com.br\/wp-content\/uploads\/2025\/03\/unnamed-2-3.jpg\" alt=\"\" class=\"wp-image-21401\" srcset=\"https:\/\/sgvaimudar.com.br\/wp-content\/uploads\/2025\/03\/unnamed-2-3.jpg 1024w, https:\/\/sgvaimudar.com.br\/wp-content\/uploads\/2025\/03\/unnamed-2-3-300x200.jpg 300w, https:\/\/sgvaimudar.com.br\/wp-content\/uploads\/2025\/03\/unnamed-2-3-768x512.jpg 768w\" sizes=\"(max-width: 1024px) 100vw, 1024px\" \/><\/figure>\n\n\n\n<p>A proposta descentralizada do Carnaval Raiz levou a festa para sete bairros da cidade: Trindade, Pacheco, Jardim Catarina, Santa Catarina, Jardim Alc\u00e2ntara, Ita\u00fana e Porto da Pedra, permitindo que os moradores de diversas regi\u00f5es se divertissem sem precisar se deslocar para grandes centros.<\/p>\n\n\n\n<p>Para Julia Sobreira, secret\u00e1ria de Turismo e Cultura de S\u00e3o Gon\u00e7alo, o sucesso do evento este ano foi vis\u00edvel: &#8220;O Carnaval Raiz foi um verdadeiro presente para os gon\u00e7alenses. A proposta descentralizada deu oportunidade para que milhares de pessoas, de diferentes idades e localidades, pudessem viver essa experi\u00eancia \u00fanica, com seguran\u00e7a e acessibilidade. Ver a alegria das crian\u00e7as e o entusiasmo dos adultos nos enche de orgulho&#8221;, disse a secret\u00e1ria.<\/p>\n\n\n\n<p>A festa n\u00e3o s\u00f3 proporcionou momentos de pura divers\u00e3o, mas tamb\u00e9m gerou novas oportunidades de trabalho e renda para a cidade, movimentando o com\u00e9rcio local e contratando artistas e profissionais de diversas \u00e1reas.<\/p>\n\n\n\n<p>&#8220;Desde o primeiro dia que estive no carnaval raiz achei tudo muito legal, principalmente essa proposta das recrea\u00e7\u00f5es voltadas para as crian\u00e7as. O poder p\u00fablico deu uma oportunidade para elas se divertirem de uma maneira segura e perto de casa\u201d, compartilhou Juliana Portugal, jovem de 26 anos.\u00a0<\/p>\n\n\n\n<p>E, para fechar o Carnaval Raiz com chave de ouro, todos os sete bairros receberam noites repletas de shows, garantindo que os gon\u00e7alenses se despedissem da festa em grande estilo.<\/p>\n\n\n\n<p>Foto: Fabio Guimar\u00e3es<\/p>\n\n\n\n<p><strong><em>S\u00e3o Gon\u00e7alo vai mudar: Not\u00edcias de S\u00e3o Gon\u00e7alo e toda regi\u00e3o.<\/em><\/strong><\/p>\n\n\n\n<figure class=\"wp-block-image size-full\"><img decoding=\"async\" width=\"317\" height=\"110\" src=\"https:\/\/sgvaimudar.com.br\/wp-content\/uploads\/2023\/08\/cropped-Logo-Provisoria-2-2.png\" alt=\"\" class=\"wp-image-2782\" srcset=\"https:\/\/sgvaimudar.com.br\/wp-content\/uploads\/2023\/08\/cropped-Logo-Provisoria-2-2.png 317w, https:\/\/sgvaimudar.com.br\/wp-content\/uploads\/2023\/08\/cropped-Logo-Provisoria-2-2-300x104.png 300w\" sizes=\"(max-width: 317px) 100vw, 317px\" \/><\/figure>\n","protected":false},"excerpt":{"rendered":"<p>Com foco na divers\u00e3o para todas as idades, evento promoveu felicidade e gerou oportunidades para os gon\u00e7alenses O\u00a0Carnaval Raiz 2025&hellip;<\/p>\n","protected":false},"author":5,"featured_media":21402,"comment_status":"open","ping_status":"open","sticky":false,"template":"","format":"standard","meta":{"fifu_image_url":"","fifu_image_alt":"","footnotes":""},"categories":[6],"tags":[47,75],"class_list":["post-21400","post","type-post","status-publish","format-standard","has-post-thumbnail","hentry","category-entretenimento","tag-rj","tag-sao-goncalo"],"_links":{"self":[{"href":"https:\/\/sgvaimudar.com.br\/index.php\/wp-json\/wp\/v2\/posts\/21400","targetHints":{"allow":["GET"]}}],"collection":[{"href":"https:\/\/sgvaimudar.com.br\/index.php\/wp-json\/wp\/v2\/posts"}],"about":[{"href":"https:\/\/sgvaimudar.com.br\/index.php\/wp-json\/wp\/v2\/types\/post"}],"author":[{"embeddable":true,"href":"https:\/\/sgvaimudar.com.br\/index.php\/wp-json\/wp\/v2\/users\/5"}],"replies":[{"embeddable":true,"href":"https:\/\/sgvaimudar.com.br\/index.php\/wp-json\/wp\/v2\/comments?post=21400"}],"version-history":[{"count":1,"href":"https:\/\/sgvaimudar.com.br\/index.php\/wp-json\/wp\/v2\/posts\/21400\/revisions"}],"predecessor-version":[{"id":21403,"href":"https:\/\/sgvaimudar.com.br\/index.php\/wp-json\/wp\/v2\/posts\/21400\/revisions\/21403"}],"wp:featuredmedia":[{"embeddable":true,"href":"https:\/\/sgvaimudar.com.br\/index.php\/wp-json\/wp\/v2\/media\/21402"}],"wp:attachment":[{"href":"https:\/\/sgvaimudar.com.br\/index.php\/wp-json\/wp\/v2\/media?parent=21400"}],"wp:term":[{"taxonomy":"category","embeddable":true,"href":"https:\/\/sgvaimudar.com.br\/index.php\/wp-json\/wp\/v2\/categories?post=21400"},{"taxonomy":"post_tag","embeddable":true,"href":"https:\/\/sgvaimudar.com.br\/index.php\/wp-json\/wp\/v2\/tags?post=21400"}],"curies":[{"name":"wp","href":"https:\/\/api.w.org\/{rel}","templated":true}]}}