{"id":21386,"date":"2025-03-05T19:00:00","date_gmt":"2025-03-05T22:00:00","guid":{"rendered":"https:\/\/sgvaimudar.com.br\/?p=21386"},"modified":"2025-03-05T09:38:55","modified_gmt":"2025-03-05T12:38:55","slug":"ita-folia-2025-bloco-vamos-pular-garante-diversao-para-as-criancas-no-carnaval-de-itaborai","status":"publish","type":"post","link":"https:\/\/sgvaimudar.com.br\/index.php\/2025\/03\/05\/ita-folia-2025-bloco-vamos-pular-garante-diversao-para-as-criancas-no-carnaval-de-itaborai\/","title":{"rendered":"Ita Folia 2025: bloco &#8216;Vamos Pular&#8217; garante divers\u00e3o para as crian\u00e7as no Carnaval de Itabora\u00ed"},"content":{"rendered":"\n<p><em>Anima\u00e7\u00e3o aconteceu na Pra\u00e7a Marechal Floriano Peixoto, no Centro<\/em><\/p>\n\n\n\n<p>Para encerrar a programa\u00e7\u00e3o infantil de carnaval com chave de ouro, nesta ter\u00e7a-feira (04\/03), os pequenos foli\u00f5es puderam desfilar no bloco &#8216;Vamos Pular&#8217;, exclusivo para crian\u00e7as. O evento promovido pela Prefeitura de Itabora\u00ed, por meio da Secretaria Municipal de Turismo e Eventos, faz parte da programa\u00e7\u00e3o do Ita Folia Kids e  proporcionou uma experi\u00eancia inesquec\u00edvel para os pequenos e suas fam\u00edlias.<\/p>\n\n\n\n<p>O secret\u00e1rio municipal de Turismo e Eventos, Jos\u00e9 Carlos Cobra, destacou a import\u00e2ncia do evento para proporcionar um carnaval seguro e inclusivo para todas as idades.<\/p>\n\n\n\n<figure class=\"wp-block-image size-large\"><img fetchpriority=\"high\" decoding=\"async\" width=\"1024\" height=\"682\" src=\"https:\/\/sgvaimudar.com.br\/wp-content\/uploads\/2025\/03\/Ita-Folia-2025-bloco-infantil-garante-diversao-para-as-criancas-no-Carnaval-de-Itaborai-1024x682.jpeg\" alt=\"\" class=\"wp-image-21387\" srcset=\"https:\/\/sgvaimudar.com.br\/wp-content\/uploads\/2025\/03\/Ita-Folia-2025-bloco-infantil-garante-diversao-para-as-criancas-no-Carnaval-de-Itaborai-1024x682.jpeg 1024w, https:\/\/sgvaimudar.com.br\/wp-content\/uploads\/2025\/03\/Ita-Folia-2025-bloco-infantil-garante-diversao-para-as-criancas-no-Carnaval-de-Itaborai-300x200.jpeg 300w, https:\/\/sgvaimudar.com.br\/wp-content\/uploads\/2025\/03\/Ita-Folia-2025-bloco-infantil-garante-diversao-para-as-criancas-no-Carnaval-de-Itaborai-768x512.jpeg 768w, https:\/\/sgvaimudar.com.br\/wp-content\/uploads\/2025\/03\/Ita-Folia-2025-bloco-infantil-garante-diversao-para-as-criancas-no-Carnaval-de-Itaborai-1536x1023.jpeg 1536w, https:\/\/sgvaimudar.com.br\/wp-content\/uploads\/2025\/03\/Ita-Folia-2025-bloco-infantil-garante-diversao-para-as-criancas-no-Carnaval-de-Itaborai.jpeg 1600w\" sizes=\"(max-width: 1024px) 100vw, 1024px\" \/><\/figure>\n\n\n\n<p>&#8220;O Ita Folia Kids \u00e9 um espa\u00e7o pensado com carinho para as crian\u00e7as, para que elas tamb\u00e9m possam aproveitar o Carnaval de forma l\u00fadica e segura. Ver a alegria nos rostos dos pequenos e de suas fam\u00edlias nos mostra que essa iniciativa j\u00e1 se tornou uma tradi\u00e7\u00e3o no munic\u00edpio. Nosso compromisso \u00e9 garantir que todos possam curtir essa grande festa com conforto e divers\u00e3o&#8221;, afirmou o secret\u00e1rio.<\/p>\n\n\n\n<p>Com as m\u00fasicas e brincadeiras, o Ita Folia Kids trouxe mais uma vez um espa\u00e7o especial para os pequenos foli\u00f5es, que durante todo o per\u00edodo de Carnaval, contou com uma programa\u00e7\u00e3o infantil, realizada em uma tenda montada na Pra\u00e7a Marechal Floriano Peixoto, com atividades l\u00fadicas, brincadeiras e as tradicionais marchinhas carnavalescas.<\/p>\n\n\n\n<p>Muitas fam\u00edlias se reuniram no fim desta tarde de ter\u00e7a-feira (04\/03), para celebrar o \u00faltimo dia de carnaval. \u00c9 o caso da Brenda de Souza, de 41 anos, que curtiu o bloco &#8216;Vamos Pular&#8217;, ao lado do filho, Thiago, de 05 anos. A moradora do bairro Outeiro das Pedras, revelou que \u00e9 a primeira vez da fam\u00edlia no evento e afirmou que voltar\u00e3o no pr\u00f3ximo ano.<\/p>\n\n\n\n<p>&#8220;Eu gostei muito, porque \u00e9 um espa\u00e7o que os pais podem trazer os seus filhos com mais tranquilidade. \u00c9 a nossa primeira vez aqui e com certeza voltaremos ano que vem&#8221;, disse a enfermeira.<\/p>\n\n\n\n<p><strong><em>S\u00e3o Gon\u00e7alo vai mudar: Not\u00edcias de S\u00e3o Gon\u00e7alo e toda regi\u00e3o.<\/em><\/strong><\/p>\n\n\n\n<figure class=\"wp-block-image size-full\"><img decoding=\"async\" width=\"317\" height=\"110\" src=\"https:\/\/sgvaimudar.com.br\/wp-content\/uploads\/2023\/08\/cropped-Logo-Provisoria-2-2.png\" alt=\"\" class=\"wp-image-2782\" srcset=\"https:\/\/sgvaimudar.com.br\/wp-content\/uploads\/2023\/08\/cropped-Logo-Provisoria-2-2.png 317w, https:\/\/sgvaimudar.com.br\/wp-content\/uploads\/2023\/08\/cropped-Logo-Provisoria-2-2-300x104.png 300w\" sizes=\"(max-width: 317px) 100vw, 317px\" \/><\/figure>\n","protected":false},"excerpt":{"rendered":"<p>Anima\u00e7\u00e3o aconteceu na Pra\u00e7a Marechal Floriano Peixoto, no Centro Para encerrar a programa\u00e7\u00e3o infantil de carnaval com chave de ouro,&hellip;<\/p>\n","protected":false},"author":5,"featured_media":21388,"comment_status":"open","ping_status":"open","sticky":false,"template":"","format":"standard","meta":{"fifu_image_url":"","fifu_image_alt":"","footnotes":""},"categories":[6],"tags":[47],"class_list":["post-21386","post","type-post","status-publish","format-standard","has-post-thumbnail","hentry","category-entretenimento","tag-rj"],"_links":{"self":[{"href":"https:\/\/sgvaimudar.com.br\/index.php\/wp-json\/wp\/v2\/posts\/21386","targetHints":{"allow":["GET"]}}],"collection":[{"href":"https:\/\/sgvaimudar.com.br\/index.php\/wp-json\/wp\/v2\/posts"}],"about":[{"href":"https:\/\/sgvaimudar.com.br\/index.php\/wp-json\/wp\/v2\/types\/post"}],"author":[{"embeddable":true,"href":"https:\/\/sgvaimudar.com.br\/index.php\/wp-json\/wp\/v2\/users\/5"}],"replies":[{"embeddable":true,"href":"https:\/\/sgvaimudar.com.br\/index.php\/wp-json\/wp\/v2\/comments?post=21386"}],"version-history":[{"count":1,"href":"https:\/\/sgvaimudar.com.br\/index.php\/wp-json\/wp\/v2\/posts\/21386\/revisions"}],"predecessor-version":[{"id":21389,"href":"https:\/\/sgvaimudar.com.br\/index.php\/wp-json\/wp\/v2\/posts\/21386\/revisions\/21389"}],"wp:featuredmedia":[{"embeddable":true,"href":"https:\/\/sgvaimudar.com.br\/index.php\/wp-json\/wp\/v2\/media\/21388"}],"wp:attachment":[{"href":"https:\/\/sgvaimudar.com.br\/index.php\/wp-json\/wp\/v2\/media?parent=21386"}],"wp:term":[{"taxonomy":"category","embeddable":true,"href":"https:\/\/sgvaimudar.com.br\/index.php\/wp-json\/wp\/v2\/categories?post=21386"},{"taxonomy":"post_tag","embeddable":true,"href":"https:\/\/sgvaimudar.com.br\/index.php\/wp-json\/wp\/v2\/tags?post=21386"}],"curies":[{"name":"wp","href":"https:\/\/api.w.org\/{rel}","templated":true}]}}