{"id":21383,"date":"2025-03-05T17:00:00","date_gmt":"2025-03-05T20:00:00","guid":{"rendered":"https:\/\/sgvaimudar.com.br\/?p=21383"},"modified":"2025-03-05T09:35:08","modified_gmt":"2025-03-05T12:35:08","slug":"policia-militar-apreende-mais-de-130-facas-alicates-e-estiletes-durante-revista-em-blocos-de-rua","status":"publish","type":"post","link":"https:\/\/sgvaimudar.com.br\/index.php\/2025\/03\/05\/policia-militar-apreende-mais-de-130-facas-alicates-e-estiletes-durante-revista-em-blocos-de-rua\/","title":{"rendered":"Pol\u00edcia Militar apreende mais de 130\u00a0facas, alicates e estiletes durante revista em blocos de rua"},"content":{"rendered":"\n<p><em>Corpora\u00e7\u00e3o prendeu quatro criminosos, encaminhou mais quatro \u00e0 delegacia e recuperou 17 aparelhos celulares<\/em><\/p>\n\n\n\n<p>Entre s\u00e1bado (01\/03) e esta ter\u00e7a-feira (04\/03), a Pol\u00edcia Militar apreendeu&nbsp;mais de 130 materiais perfurocortantes, como facas, alicates e estiletes nas&nbsp;a\u00e7\u00f5es de revista nos blocos de rua na cidade do Rio de Janeiro.&nbsp;Na segunda-feira (03\/03), os&nbsp;militares prenderam ainda dois homens no entorno do Samb\u00f3dromo: um por furto de aparelho celular e o outro com um mandado de pris\u00e3o em aberto por n\u00e3o pagamento de pens\u00e3o aliment\u00edcia.<\/p>\n\n\n\n<p>&#8211;&nbsp;A atua\u00e7\u00e3o firme da PM durante o Carnaval refor\u00e7a o nosso compromisso com a seguran\u00e7a da popula\u00e7\u00e3o. A apreens\u00e3o de mais de 130 materiais perfurocortantes e as pris\u00f5es realizadas demonstram a import\u00e2ncia do trabalho preventivo e da vigil\u00e2ncia constante nos blocos e no entorno do Samb\u00f3dromo. Seguiremos investindo em estrat\u00e9gias e no refor\u00e7o do policiamento para garantir que os foli\u00f5es possam aproveitar a festa com tranquilidade e seguran\u00e7a&nbsp;\u2013 destacou o governador Cl\u00e1udio Castro.<\/p>\n\n\n\n<p>Agentes do 23\u00b0 Batalh\u00e3o de Pol\u00edcia&nbsp;(Leblon) conseguiram desarticular tamb\u00e9m uma quadrilha especializada em furto de celulares, durante a apresenta\u00e7\u00e3o dos blocos. Ao todo, 17 telefones foram recuperados e quatro pessoas foram conduzidas \u00e0 delegacia.<\/p>\n\n\n\n<p>Na Zona Sul, uma a\u00e7\u00e3o conjunta da Subsecretaria de Intelig\u00eancia da PM e do Grupo de Atua\u00e7\u00e3o e Combate ao Crime Organizado de Minas Gerais resultou na pris\u00e3o de um foragido da Justi\u00e7a por praticar roubos a joalherias, no munic\u00edpio de Cataguases, em Minas Gerais.<\/p>\n\n\n\n<p><strong><em>S\u00e3o Gon\u00e7alo vai mudar: Not\u00edcias de S\u00e3o Gon\u00e7alo e toda regi\u00e3o.<\/em><\/strong><\/p>\n\n\n\n<figure class=\"wp-block-image size-full\"><img decoding=\"async\" width=\"317\" height=\"110\" src=\"https:\/\/sgvaimudar.com.br\/wp-content\/uploads\/2023\/08\/cropped-Logo-Provisoria-2-2.png\" alt=\"\" class=\"wp-image-2782\" srcset=\"https:\/\/sgvaimudar.com.br\/wp-content\/uploads\/2023\/08\/cropped-Logo-Provisoria-2-2.png 317w, https:\/\/sgvaimudar.com.br\/wp-content\/uploads\/2023\/08\/cropped-Logo-Provisoria-2-2-300x104.png 300w\" sizes=\"(max-width: 317px) 100vw, 317px\" \/><\/figure>\n","protected":false},"excerpt":{"rendered":"<p>Corpora\u00e7\u00e3o prendeu quatro criminosos, encaminhou mais quatro \u00e0 delegacia e recuperou 17 aparelhos celulares Entre s\u00e1bado (01\/03) e esta ter\u00e7a-feira&hellip;<\/p>\n","protected":false},"author":5,"featured_media":21384,"comment_status":"open","ping_status":"open","sticky":false,"template":"","format":"standard","meta":{"fifu_image_url":"","fifu_image_alt":"","footnotes":""},"categories":[32],"tags":[39,41,40,47],"class_list":["post-21383","post","type-post","status-publish","format-standard","has-post-thumbnail","hentry","category-casos-de-policia","tag-ataque","tag-conflito","tag-guerra","tag-rj"],"_links":{"self":[{"href":"https:\/\/sgvaimudar.com.br\/index.php\/wp-json\/wp\/v2\/posts\/21383","targetHints":{"allow":["GET"]}}],"collection":[{"href":"https:\/\/sgvaimudar.com.br\/index.php\/wp-json\/wp\/v2\/posts"}],"about":[{"href":"https:\/\/sgvaimudar.com.br\/index.php\/wp-json\/wp\/v2\/types\/post"}],"author":[{"embeddable":true,"href":"https:\/\/sgvaimudar.com.br\/index.php\/wp-json\/wp\/v2\/users\/5"}],"replies":[{"embeddable":true,"href":"https:\/\/sgvaimudar.com.br\/index.php\/wp-json\/wp\/v2\/comments?post=21383"}],"version-history":[{"count":1,"href":"https:\/\/sgvaimudar.com.br\/index.php\/wp-json\/wp\/v2\/posts\/21383\/revisions"}],"predecessor-version":[{"id":21385,"href":"https:\/\/sgvaimudar.com.br\/index.php\/wp-json\/wp\/v2\/posts\/21383\/revisions\/21385"}],"wp:featuredmedia":[{"embeddable":true,"href":"https:\/\/sgvaimudar.com.br\/index.php\/wp-json\/wp\/v2\/media\/21384"}],"wp:attachment":[{"href":"https:\/\/sgvaimudar.com.br\/index.php\/wp-json\/wp\/v2\/media?parent=21383"}],"wp:term":[{"taxonomy":"category","embeddable":true,"href":"https:\/\/sgvaimudar.com.br\/index.php\/wp-json\/wp\/v2\/categories?post=21383"},{"taxonomy":"post_tag","embeddable":true,"href":"https:\/\/sgvaimudar.com.br\/index.php\/wp-json\/wp\/v2\/tags?post=21383"}],"curies":[{"name":"wp","href":"https:\/\/api.w.org\/{rel}","templated":true}]}}