{"id":21375,"date":"2025-03-05T14:00:00","date_gmt":"2025-03-05T17:00:00","guid":{"rendered":"https:\/\/sgvaimudar.com.br\/?p=21375"},"modified":"2025-03-05T09:21:57","modified_gmt":"2025-03-05T12:21:57","slug":"homem-ferido-foge-de-hospital-em-sao-goncalo","status":"publish","type":"post","link":"https:\/\/sgvaimudar.com.br\/index.php\/2025\/03\/05\/homem-ferido-foge-de-hospital-em-sao-goncalo\/","title":{"rendered":"Homem ferido foge de hospital em S\u00e3o Gon\u00e7alo"},"content":{"rendered":"\n<p><em>Matheus de Souza, de 26 anos, foi atendido no Centro de Trauma e fugiu logo em seguida<\/em><\/p>\n\n\n\n<p>Um homem identificado como Matheus de Souza, de 26 anos, fugiu, na noite desta segunda-feira (3), do Hospital Estadual Alberto Torres, no Coluband\u00ea, em S\u00e3o Gon\u00e7alo. Segundo o hospital, ele chegou atrav\u00e9s de meios pr\u00f3prios baleado nas m\u00e3os e n\u00e3o estava sendo custodiado por policiais militares.<\/p>\n\n\n\n<p>De acordo com as informa\u00e7\u00f5es Matheus chegou a ser atendido no Centro de Trauma (CT) da emerg\u00eancia, por volta das 22h depois de ser atingido na Vila Brasil, em Itabora\u00ed.<\/p>\n\n\n\n<p>Conforme o Heat, depois de ser atendido no CT ele deixou unidade \u00e0 revelia em seguida.<\/p>\n\n\n\n<p>Em atualiza\u00e7\u00e3o.<\/p>\n\n\n\n<p><strong><em>S\u00e3o Gon\u00e7alo vai mudar: Not\u00edcias de S\u00e3o Gon\u00e7alo e toda regi\u00e3o.<\/em><\/strong><\/p>\n\n\n\n<figure class=\"wp-block-image size-full\"><img decoding=\"async\" width=\"317\" height=\"110\" src=\"https:\/\/sgvaimudar.com.br\/wp-content\/uploads\/2023\/08\/cropped-Logo-Provisoria-2-2.png\" alt=\"\" class=\"wp-image-2782\" srcset=\"https:\/\/sgvaimudar.com.br\/wp-content\/uploads\/2023\/08\/cropped-Logo-Provisoria-2-2.png 317w, https:\/\/sgvaimudar.com.br\/wp-content\/uploads\/2023\/08\/cropped-Logo-Provisoria-2-2-300x104.png 300w\" sizes=\"(max-width: 317px) 100vw, 317px\" \/><\/figure>\n","protected":false},"excerpt":{"rendered":"<p>Matheus de Souza, de 26 anos, foi atendido no Centro de Trauma e fugiu logo em seguida Um homem identificado&hellip;<\/p>\n","protected":false},"author":5,"featured_media":21376,"comment_status":"open","ping_status":"open","sticky":false,"template":"","format":"standard","meta":{"fifu_image_url":"","fifu_image_alt":"","footnotes":""},"categories":[32],"tags":[39,47,75],"class_list":["post-21375","post","type-post","status-publish","format-standard","has-post-thumbnail","hentry","category-casos-de-policia","tag-ataque","tag-rj","tag-sao-goncalo"],"_links":{"self":[{"href":"https:\/\/sgvaimudar.com.br\/index.php\/wp-json\/wp\/v2\/posts\/21375","targetHints":{"allow":["GET"]}}],"collection":[{"href":"https:\/\/sgvaimudar.com.br\/index.php\/wp-json\/wp\/v2\/posts"}],"about":[{"href":"https:\/\/sgvaimudar.com.br\/index.php\/wp-json\/wp\/v2\/types\/post"}],"author":[{"embeddable":true,"href":"https:\/\/sgvaimudar.com.br\/index.php\/wp-json\/wp\/v2\/users\/5"}],"replies":[{"embeddable":true,"href":"https:\/\/sgvaimudar.com.br\/index.php\/wp-json\/wp\/v2\/comments?post=21375"}],"version-history":[{"count":1,"href":"https:\/\/sgvaimudar.com.br\/index.php\/wp-json\/wp\/v2\/posts\/21375\/revisions"}],"predecessor-version":[{"id":21377,"href":"https:\/\/sgvaimudar.com.br\/index.php\/wp-json\/wp\/v2\/posts\/21375\/revisions\/21377"}],"wp:featuredmedia":[{"embeddable":true,"href":"https:\/\/sgvaimudar.com.br\/index.php\/wp-json\/wp\/v2\/media\/21376"}],"wp:attachment":[{"href":"https:\/\/sgvaimudar.com.br\/index.php\/wp-json\/wp\/v2\/media?parent=21375"}],"wp:term":[{"taxonomy":"category","embeddable":true,"href":"https:\/\/sgvaimudar.com.br\/index.php\/wp-json\/wp\/v2\/categories?post=21375"},{"taxonomy":"post_tag","embeddable":true,"href":"https:\/\/sgvaimudar.com.br\/index.php\/wp-json\/wp\/v2\/tags?post=21375"}],"curies":[{"name":"wp","href":"https:\/\/api.w.org\/{rel}","templated":true}]}}