{"id":21340,"date":"2025-03-04T17:00:00","date_gmt":"2025-03-04T20:00:00","guid":{"rendered":"https:\/\/sgvaimudar.com.br\/?p=21340"},"modified":"2025-03-04T09:16:29","modified_gmt":"2025-03-04T12:16:29","slug":"tragedia-homem-morre-apos-se-afogar-na-praia-de-itaipu","status":"publish","type":"post","link":"https:\/\/sgvaimudar.com.br\/index.php\/2025\/03\/04\/tragedia-homem-morre-apos-se-afogar-na-praia-de-itaipu\/","title":{"rendered":"Trag\u00e9dia: Homem morre ap\u00f3s se afogar na Praia de Itaipu"},"content":{"rendered":"\n<p><em>Ele trabalhava como auxiliar de servi\u00e7os gerais no Ceasa do Coluband\u00ea <\/em><\/p>\n\n\n\n<p>Um homem de 33 anos morreu ap\u00f3s se afogar\u00a0na Praia de Itaipu, em Niter\u00f3i, na tarde deste domingo (2). A v\u00edtima, chegou a ser resgatada por um helic\u00f3ptero do Corpo\u00a0de Bombeiros e encaminhada ao Hospital Estadual Alberto Torres (Heat), em S\u00e3o Gon\u00e7alo, mas n\u00e3o resistiu.<\/p>\n\n\n\n<p>De acordo com o Corpo\u00a0de Bombeiros, o Quartel Mar\u00edtimo de Itaipu foi acionado por volta das 15h para atender a ocorr\u00eancia, que aconteceu na Alameda Jos\u00e9 Otto Ribeiro Sobral, na Lagoa de Itaipu.<\/p>\n\n\n\n<p>Familiares informaram que ele trabalhava como auxiliar de servi\u00e7os gerais no Ceasa do Coluband\u00ea e era pai de dois filhos.<\/p>\n\n\n\n<p>Ainda n\u00e3o h\u00e1 informa\u00e7\u00f5es sobre o local, dia e hor\u00e1rio do sepultamento.<\/p>\n\n\n\n<p><strong><em>S\u00e3o Gon\u00e7alo vai mudar: Not\u00edcias de S\u00e3o Gon\u00e7alo e toda regi\u00e3o.<\/em><\/strong><\/p>\n\n\n\n<figure class=\"wp-block-image size-full\"><img decoding=\"async\" width=\"317\" height=\"110\" src=\"https:\/\/sgvaimudar.com.br\/wp-content\/uploads\/2023\/08\/cropped-Logo-Provisoria-2-2.png\" alt=\"\" class=\"wp-image-2782\" srcset=\"https:\/\/sgvaimudar.com.br\/wp-content\/uploads\/2023\/08\/cropped-Logo-Provisoria-2-2.png 317w, https:\/\/sgvaimudar.com.br\/wp-content\/uploads\/2023\/08\/cropped-Logo-Provisoria-2-2-300x104.png 300w\" sizes=\"(max-width: 317px) 100vw, 317px\" \/><\/figure>\n","protected":false},"excerpt":{"rendered":"<p>Ele trabalhava como auxiliar de servi\u00e7os gerais no Ceasa do Coluband\u00ea Um homem de 33 anos morreu ap\u00f3s se afogar\u00a0na&hellip;<\/p>\n","protected":false},"author":5,"featured_media":0,"comment_status":"open","ping_status":"open","sticky":false,"template":"","format":"standard","meta":{"fifu_image_url":"","fifu_image_alt":"","footnotes":""},"categories":[32],"tags":[47,75],"class_list":["post-21340","post","type-post","status-publish","format-standard","hentry","category-casos-de-policia","tag-rj","tag-sao-goncalo"],"_links":{"self":[{"href":"https:\/\/sgvaimudar.com.br\/index.php\/wp-json\/wp\/v2\/posts\/21340","targetHints":{"allow":["GET"]}}],"collection":[{"href":"https:\/\/sgvaimudar.com.br\/index.php\/wp-json\/wp\/v2\/posts"}],"about":[{"href":"https:\/\/sgvaimudar.com.br\/index.php\/wp-json\/wp\/v2\/types\/post"}],"author":[{"embeddable":true,"href":"https:\/\/sgvaimudar.com.br\/index.php\/wp-json\/wp\/v2\/users\/5"}],"replies":[{"embeddable":true,"href":"https:\/\/sgvaimudar.com.br\/index.php\/wp-json\/wp\/v2\/comments?post=21340"}],"version-history":[{"count":1,"href":"https:\/\/sgvaimudar.com.br\/index.php\/wp-json\/wp\/v2\/posts\/21340\/revisions"}],"predecessor-version":[{"id":21341,"href":"https:\/\/sgvaimudar.com.br\/index.php\/wp-json\/wp\/v2\/posts\/21340\/revisions\/21341"}],"wp:attachment":[{"href":"https:\/\/sgvaimudar.com.br\/index.php\/wp-json\/wp\/v2\/media?parent=21340"}],"wp:term":[{"taxonomy":"category","embeddable":true,"href":"https:\/\/sgvaimudar.com.br\/index.php\/wp-json\/wp\/v2\/categories?post=21340"},{"taxonomy":"post_tag","embeddable":true,"href":"https:\/\/sgvaimudar.com.br\/index.php\/wp-json\/wp\/v2\/tags?post=21340"}],"curies":[{"name":"wp","href":"https:\/\/api.w.org\/{rel}","templated":true}]}}