{"id":21336,"date":"2025-03-04T15:00:00","date_gmt":"2025-03-04T18:00:00","guid":{"rendered":"https:\/\/sgvaimudar.com.br\/?p=21336"},"modified":"2025-03-04T09:11:58","modified_gmt":"2025-03-04T12:11:58","slug":"itafolia-2025-carrossel-de-emocoes-anima-o-segundo-dia-de-carnaval-em-itaborai","status":"publish","type":"post","link":"https:\/\/sgvaimudar.com.br\/index.php\/2025\/03\/04\/itafolia-2025-carrossel-de-emocoes-anima-o-segundo-dia-de-carnaval-em-itaborai\/","title":{"rendered":"ItaFolia 2025: Carrossel de Emo\u00e7\u00f5es anima o segundo dia de carnaval em Itabora\u00ed"},"content":{"rendered":"\n<p><em>A programa\u00e7\u00e3o do Ita Folia segue contemplando os pequenos foli\u00f5es<\/em><\/p>\n\n\n\n<p>O segundo dia do Ita Folia 2025 manteve o ritmo da festa em Itabora\u00ed, reunindo milhares de foli\u00f5es na Avenida 22 de Maio, no Centro, para mais uma noite de m\u00fasica e divers\u00e3o, ao som do Carrossel de Emo\u00e7\u00f5es e Bloco da Lara Zuzarte. Com in\u00edcio \u00e0s 18h, o evento garantiu uma programa\u00e7\u00e3o acess\u00edvel para todas as idades.<\/p>\n\n\n\n<p>Na Pra\u00e7a Marechal Floriano Peixoto, no Centro, o Ita Folia Kids trouxe um ambiente l\u00fadico e seguro para crian\u00e7as e fam\u00edlias, com m\u00fasica, brincadeiras e atividades recreativas, com in\u00edcio \u00e0s 16h. Al\u00e9m disso, o Espa\u00e7o Azul seguiu proporcionando um local acolhedor para crian\u00e7as e adolescentes neurodivergentes.<\/p>\n\n\n\n<figure class=\"wp-block-image size-large\"><img fetchpriority=\"high\" decoding=\"async\" width=\"1024\" height=\"576\" src=\"https:\/\/sgvaimudar.com.br\/wp-content\/uploads\/2025\/03\/Carrossel-de-Emocoes-agita-o-segundo-dia-de-carnaval-em-Itaborai-c-1024x576.jpeg\" alt=\"\" class=\"wp-image-21337\" srcset=\"https:\/\/sgvaimudar.com.br\/wp-content\/uploads\/2025\/03\/Carrossel-de-Emocoes-agita-o-segundo-dia-de-carnaval-em-Itaborai-c-1024x576.jpeg 1024w, https:\/\/sgvaimudar.com.br\/wp-content\/uploads\/2025\/03\/Carrossel-de-Emocoes-agita-o-segundo-dia-de-carnaval-em-Itaborai-c-300x169.jpeg 300w, https:\/\/sgvaimudar.com.br\/wp-content\/uploads\/2025\/03\/Carrossel-de-Emocoes-agita-o-segundo-dia-de-carnaval-em-Itaborai-c-768x432.jpeg 768w, https:\/\/sgvaimudar.com.br\/wp-content\/uploads\/2025\/03\/Carrossel-de-Emocoes-agita-o-segundo-dia-de-carnaval-em-Itaborai-c-1536x864.jpeg 1536w, https:\/\/sgvaimudar.com.br\/wp-content\/uploads\/2025\/03\/Carrossel-de-Emocoes-agita-o-segundo-dia-de-carnaval-em-Itaborai-c-2048x1152.jpeg 2048w\" sizes=\"(max-width: 1024px) 100vw, 1024px\" \/><\/figure>\n\n\n\n<p>A Secretaria de Seguran\u00e7a P\u00fablica (SEMSEG) refor\u00e7a que est\u00e1 proibida a entrada com garrafas de vidro no circuito da folia. A medida visa a seguran\u00e7a do p\u00fablico, evitando riscos de acidentes. Equipes de seguran\u00e7a est\u00e3o atuando para garantir o cumprimento da regra e manter a ordem no evento.<\/p>\n\n\n\n<p>Al\u00e9m da grande festa no Centro, o ItaFolia acontece simultaneamente em outros distritos do munic\u00edpio, garantindo que toda a popula\u00e7\u00e3o possa curtir o carnaval. Neste domingo, a programa\u00e7\u00e3o no bairro Itambi contou com DJ MK e Bruninho; em Manilha a divers\u00e3o ficou por conta do DJ Nadvan e Thiago Monteiro. J\u00e1 no Apollo II, a popula\u00e7\u00e3o curtiu ao som do pagode da Kelly Valadares.<\/p>\n\n\n\n<p>A festa carnavalesca do munic\u00edpio tamb\u00e9m \u00e9 um momento para refor\u00e7ar a conscientiza\u00e7\u00e3o sobre temas importantes. Equipes das secretarias municipais de Sa\u00fade (SEMSA), Subsecretaria de Pol\u00edticas da Mulher e, tamb\u00e9m, de Meio Ambiente e Urbanismo (SEMAU) est\u00e3o presentes distribuindo materiais informativos sobre preven\u00e7\u00e3o de doen\u00e7as sexualmente transmiss\u00edveis, combate ao ass\u00e9dio e orienta\u00e7\u00f5es sobre descarte correto de lixo durante o evento, respectivamente.<\/p>\n\n\n\n<p>O prefeito Marcelo Delaroli destacou a import\u00e2ncia da organiza\u00e7\u00e3o e seguran\u00e7a do evento.<\/p>\n\n\n\n<p>\u201cO Ita Folia 2025 est\u00e1 mostrando que \u00e9 poss\u00edvel fazer uma festa bonita, segura e organizada para toda a fam\u00edlia. Desde o in\u00edcio da noite, j\u00e1 temos o p\u00fablico aproveitando cada atra\u00e7\u00e3o. Itabora\u00ed merece um carnaval \u00e0 altura, e \u00e9 isso que estamos entregando\u201d, declarou Marcelo Delaroli.<\/p>\n\n\n\n<p>Um dos vocalistas da banda Carrossel de Emo\u00e7\u00f5es, Fernando Guina, expressou como \u00e9 estar pela terceira vez no Ita Folia.<\/p>\n\n\n\n<p>\u201cPra gente \u00e9 sempre um prazer estar aqui em Itabora\u00ed. Gostamos muito de participar do carnaval daqui, \u00e9 incr\u00edvel, super bem produzido e somos super bem tratados. N\u00f3s preparamos um super show para a galera de Itabora\u00ed, um repert\u00f3rio bem ecl\u00e9tico, com muito funk da antiga, que \u00e9 a ess\u00eancia do Carrossel e suas emo\u00e7\u00f5es\u201d, disse o cantor.<\/p>\n\n\n\n<p>Entre os foli\u00f5es, a anima\u00e7\u00e3o era contagiante. T\u00e2nia Vilma de Ara\u00fajo, de 59 anos, \u00e9 moradora de Manilha e declarou o que achou do evento.<\/p>\n\n\n\n<p>\u201cEst\u00e1 tudo maravilhoso, desde a atra\u00e7\u00e3o at\u00e9 a organiza\u00e7\u00e3o do evento. \u00c9 o primeiro dia que venho, mas com certeza vou voltar nos pr\u00f3ximos dias\u201d, contou a dona de casa.<\/p>\n\n\n\n<p>O ItaFolia 2025 segue nos pr\u00f3ximos dias com uma programa\u00e7\u00e3o diversificada e estrutura completa para garantir a divers\u00e3o com responsabilidade. A expectativa \u00e9 de que o evento continue atraindo um grande p\u00fablico e fortalecendo a tradi\u00e7\u00e3o do carnaval em Itabora\u00ed.<\/p>\n\n\n\n<p><strong><em>S\u00e3o Gon\u00e7alo vai mudar: Not\u00edcias de S\u00e3o Gon\u00e7alo e toda regi\u00e3o.<\/em><\/strong><\/p>\n\n\n\n<figure class=\"wp-block-image size-full\"><img decoding=\"async\" width=\"317\" height=\"110\" src=\"https:\/\/sgvaimudar.com.br\/wp-content\/uploads\/2023\/08\/cropped-Logo-Provisoria-2-2.png\" alt=\"\" class=\"wp-image-2782\" srcset=\"https:\/\/sgvaimudar.com.br\/wp-content\/uploads\/2023\/08\/cropped-Logo-Provisoria-2-2.png 317w, https:\/\/sgvaimudar.com.br\/wp-content\/uploads\/2023\/08\/cropped-Logo-Provisoria-2-2-300x104.png 300w\" sizes=\"(max-width: 317px) 100vw, 317px\" \/><\/figure>\n","protected":false},"excerpt":{"rendered":"<p>A programa\u00e7\u00e3o do Ita Folia segue contemplando os pequenos foli\u00f5es O segundo dia do Ita Folia 2025 manteve o ritmo&hellip;<\/p>\n","protected":false},"author":5,"featured_media":21338,"comment_status":"open","ping_status":"open","sticky":false,"template":"","format":"standard","meta":{"fifu_image_url":"","fifu_image_alt":"","footnotes":""},"categories":[6],"tags":[47],"class_list":["post-21336","post","type-post","status-publish","format-standard","has-post-thumbnail","hentry","category-entretenimento","tag-rj"],"_links":{"self":[{"href":"https:\/\/sgvaimudar.com.br\/index.php\/wp-json\/wp\/v2\/posts\/21336","targetHints":{"allow":["GET"]}}],"collection":[{"href":"https:\/\/sgvaimudar.com.br\/index.php\/wp-json\/wp\/v2\/posts"}],"about":[{"href":"https:\/\/sgvaimudar.com.br\/index.php\/wp-json\/wp\/v2\/types\/post"}],"author":[{"embeddable":true,"href":"https:\/\/sgvaimudar.com.br\/index.php\/wp-json\/wp\/v2\/users\/5"}],"replies":[{"embeddable":true,"href":"https:\/\/sgvaimudar.com.br\/index.php\/wp-json\/wp\/v2\/comments?post=21336"}],"version-history":[{"count":1,"href":"https:\/\/sgvaimudar.com.br\/index.php\/wp-json\/wp\/v2\/posts\/21336\/revisions"}],"predecessor-version":[{"id":21339,"href":"https:\/\/sgvaimudar.com.br\/index.php\/wp-json\/wp\/v2\/posts\/21336\/revisions\/21339"}],"wp:featuredmedia":[{"embeddable":true,"href":"https:\/\/sgvaimudar.com.br\/index.php\/wp-json\/wp\/v2\/media\/21338"}],"wp:attachment":[{"href":"https:\/\/sgvaimudar.com.br\/index.php\/wp-json\/wp\/v2\/media?parent=21336"}],"wp:term":[{"taxonomy":"category","embeddable":true,"href":"https:\/\/sgvaimudar.com.br\/index.php\/wp-json\/wp\/v2\/categories?post=21336"},{"taxonomy":"post_tag","embeddable":true,"href":"https:\/\/sgvaimudar.com.br\/index.php\/wp-json\/wp\/v2\/tags?post=21336"}],"curies":[{"name":"wp","href":"https:\/\/api.w.org\/{rel}","templated":true}]}}