{"id":21309,"date":"2025-03-04T08:00:08","date_gmt":"2025-03-04T11:00:08","guid":{"rendered":"https:\/\/sgvaimudar.com.br\/?p=21309"},"modified":"2025-03-04T08:00:08","modified_gmt":"2025-03-04T11:00:08","slug":"rebeca-andrade-e-indicada-ao-oscar-do-esporte","status":"publish","type":"post","link":"https:\/\/sgvaimudar.com.br\/index.php\/2025\/03\/04\/rebeca-andrade-e-indicada-ao-oscar-do-esporte\/","title":{"rendered":"Rebeca Andrade \u00e9 indicada ao Oscar do Esporte"},"content":{"rendered":"\n<p><em>Ginasta brasileira disputar\u00e1 na categoria de Retorno do Ano<\/em><\/p>\n\n\n\n<p>Horas ap\u00f3s&nbsp;o Brasil fazer hist\u00f3ria no Oscar, com a conquista de uma estatueta pelo filme&nbsp;<em>Ainda Estou Aqui<\/em>, do diretor Walter Salles, na categoria de melhor filme internacional, a ginasta Rebeca Andrade foi indicada para concorrer a outro Oscar, o do esporte, o Pr\u00eamio Laureus.<img decoding=\"async\" src=\"https:\/\/agenciabrasil.ebc.com.br\/ebc.png?id=1632844&amp;o=node\"><img decoding=\"async\" src=\"https:\/\/agenciabrasil.ebc.com.br\/ebc.gif?id=1632844&amp;o=node\"><\/p>\n\n\n\n<p>Na manh\u00e3 desta segunda-feira (3), os organizadores do pr\u00eamio mais prestigioso do esporte anunciaram os concorrentes da edi\u00e7\u00e3o 2025 da premia\u00e7\u00e3o, na qual a campe\u00e3 ol\u00edmpica brasileira de 25 anos de idade foi indicada \u00e0 categoria de Retorno do Ano.<\/p>\n\n\n\n<p>\u201cCom um hist\u00f3rico de les\u00f5es no ligamento cruzado anterior, [Rebeca] Andrade sofreu v\u00e1rios contratempos em sua carreira, for\u00e7ando-a a pensar desistir da gin\u00e1stica. A brilhante brasileira havia conquistado uma medalha de ouro e prata nos Jogos Ol\u00edmpicos de T\u00f3quio em 2021, mas mal competiu em 2024 e havia preocupa\u00e7\u00f5es se ela chegaria a Paris [Jogos Ol\u00edmpicos]. No entanto, sua resili\u00eancia e determina\u00e7\u00e3o valeram a pena e ela ganhou ouro no solo, prata no individual geral e salto, e bronze no evento por equipes. Tendo conquistado um total de seis medalhas ol\u00edmpicas e nove no Campeonato Mundial, ela \u00e9 a ginasta brasileira e latino-americana mais condecorada de todas\u201d, afirmam os organizadores do Pr\u00eamio Laureus.<\/p>\n\n\n\n<p>Ela disputar\u00e1 o pr\u00eamio com o nadador norte-americano Caeleb Dressel, com a esquiadora su\u00ed\u00e7a Lara Gut-Behrami, com o piloto de MotoGP espanhol Marc M\u00e1rquez, com o jogador de cr\u00edquete indiano Rishabh Pant e a nadadora australiana Ariarne Titmus.<\/p>\n\n\n\n<p>Os vencedores da edi\u00e7\u00e3o 2025 do Pr\u00eamio Laureus ser\u00e3o anunciados no dia 21 de abril durante uma cerim\u00f4nia que ser\u00e1 realizada em Madri (Espanha). Os\u00a0vencedores ser\u00e3o escolhidos por 69 lendas esportivas que fazem parte da Academia de Esportes Laureus World.<\/p>\n\n\n\n<p><strong><em>S\u00e3o Gon\u00e7alo vai mudar: Not\u00edcias de S\u00e3o Gon\u00e7alo e toda regi\u00e3o.<\/em><\/strong><\/p>\n\n\n\n<figure class=\"wp-block-image size-full\"><img decoding=\"async\" width=\"317\" height=\"110\" src=\"https:\/\/sgvaimudar.com.br\/wp-content\/uploads\/2023\/08\/cropped-Logo-Provisoria-2-2.png\" alt=\"\" class=\"wp-image-2782\" srcset=\"https:\/\/sgvaimudar.com.br\/wp-content\/uploads\/2023\/08\/cropped-Logo-Provisoria-2-2.png 317w, https:\/\/sgvaimudar.com.br\/wp-content\/uploads\/2023\/08\/cropped-Logo-Provisoria-2-2-300x104.png 300w\" sizes=\"(max-width: 317px) 100vw, 317px\" \/><\/figure>\n","protected":false},"excerpt":{"rendered":"<p>Ginasta brasileira disputar\u00e1 na categoria de Retorno do Ano Horas ap\u00f3s&nbsp;o Brasil fazer hist\u00f3ria no Oscar, com a conquista de&hellip;<\/p>\n","protected":false},"author":5,"featured_media":21310,"comment_status":"open","ping_status":"open","sticky":false,"template":"","format":"standard","meta":{"fifu_image_url":"","fifu_image_alt":"","footnotes":""},"categories":[5],"tags":[73],"class_list":["post-21309","post","type-post","status-publish","format-standard","has-post-thumbnail","hentry","category-esportes","tag-votacao"],"_links":{"self":[{"href":"https:\/\/sgvaimudar.com.br\/index.php\/wp-json\/wp\/v2\/posts\/21309","targetHints":{"allow":["GET"]}}],"collection":[{"href":"https:\/\/sgvaimudar.com.br\/index.php\/wp-json\/wp\/v2\/posts"}],"about":[{"href":"https:\/\/sgvaimudar.com.br\/index.php\/wp-json\/wp\/v2\/types\/post"}],"author":[{"embeddable":true,"href":"https:\/\/sgvaimudar.com.br\/index.php\/wp-json\/wp\/v2\/users\/5"}],"replies":[{"embeddable":true,"href":"https:\/\/sgvaimudar.com.br\/index.php\/wp-json\/wp\/v2\/comments?post=21309"}],"version-history":[{"count":1,"href":"https:\/\/sgvaimudar.com.br\/index.php\/wp-json\/wp\/v2\/posts\/21309\/revisions"}],"predecessor-version":[{"id":21311,"href":"https:\/\/sgvaimudar.com.br\/index.php\/wp-json\/wp\/v2\/posts\/21309\/revisions\/21311"}],"wp:featuredmedia":[{"embeddable":true,"href":"https:\/\/sgvaimudar.com.br\/index.php\/wp-json\/wp\/v2\/media\/21310"}],"wp:attachment":[{"href":"https:\/\/sgvaimudar.com.br\/index.php\/wp-json\/wp\/v2\/media?parent=21309"}],"wp:term":[{"taxonomy":"category","embeddable":true,"href":"https:\/\/sgvaimudar.com.br\/index.php\/wp-json\/wp\/v2\/categories?post=21309"},{"taxonomy":"post_tag","embeddable":true,"href":"https:\/\/sgvaimudar.com.br\/index.php\/wp-json\/wp\/v2\/tags?post=21309"}],"curies":[{"name":"wp","href":"https:\/\/api.w.org\/{rel}","templated":true}]}}