{"id":21284,"date":"2025-03-03T13:00:00","date_gmt":"2025-03-03T16:00:00","guid":{"rendered":"https:\/\/sgvaimudar.com.br\/?p=21284"},"modified":"2025-03-03T09:09:37","modified_gmt":"2025-03-03T12:09:37","slug":"ita-folia-2025-sergio-loroza-e-bloco-simpatia-e-quase-amor-agitam-o-carnaval-em-itaborai","status":"publish","type":"post","link":"https:\/\/sgvaimudar.com.br\/index.php\/2025\/03\/03\/ita-folia-2025-sergio-loroza-e-bloco-simpatia-e-quase-amor-agitam-o-carnaval-em-itaborai\/","title":{"rendered":"Ita Folia 2025: S\u00e9rgio Loroza e Bloco Simpatia \u00e9 Quase Amor agitam o carnaval em Itabora\u00ed"},"content":{"rendered":"\n<p><em>A Prefeitura destacou que a programa\u00e7\u00e3o tamb\u00e9m se estendeu para os bairros Manilha, Apolo II e Itambi<\/em><\/p>\n\n\n\n<p>Itabora\u00ed segue com grande estilo o Ita Folia 2025 neste fim de semana trazendo muita m\u00fasica, alegria e anima\u00e7\u00e3o para a Avenida 22 de Maio. O evento, promovido pela Prefeitura de Itabora\u00ed por meio da Secretaria Municipal de Turismo e Eventos (Semtur), contou com o apoio das demais secretarias municipais para garantir uma festa segura e inesquec\u00edvel para os foli\u00f5es. <\/p>\n\n\n\n<p>A festa come\u00e7ou com o desfile do Bloco \u201cN\u00e3o \u00e9 N\u00e3o\u201d, criado pela Subsecretaria de Pol\u00edticas da Mulher para conscientizar a popula\u00e7\u00e3o sobre a import\u00e2ncia do combate ao ass\u00e9dio no Carnaval. Em seguida, o Bloco Simpatia \u00e9 Quase Amor tomou conta da avenida, trazendo o melhor do samba e levantando o p\u00fablico com cl\u00e1ssicos do g\u00eanero. Um trio el\u00e9trico equipado com tel\u00f5es de LED percorreu toda a via, garantindo que ningu\u00e9m perca um momento da festa.<\/p>\n\n\n\n<figure class=\"wp-block-image size-large\"><img fetchpriority=\"high\" decoding=\"async\" width=\"1024\" height=\"576\" src=\"https:\/\/sgvaimudar.com.br\/wp-content\/uploads\/2025\/03\/Ita-Folia-2025-Sergio-Loroza-e-Bloco-Simpatia-e-Quase-Amor-agitam-a-abertura-do-carnaval-em-Itaborai-1024x576.jpeg\" alt=\"\" class=\"wp-image-21285\" srcset=\"https:\/\/sgvaimudar.com.br\/wp-content\/uploads\/2025\/03\/Ita-Folia-2025-Sergio-Loroza-e-Bloco-Simpatia-e-Quase-Amor-agitam-a-abertura-do-carnaval-em-Itaborai-1024x576.jpeg 1024w, https:\/\/sgvaimudar.com.br\/wp-content\/uploads\/2025\/03\/Ita-Folia-2025-Sergio-Loroza-e-Bloco-Simpatia-e-Quase-Amor-agitam-a-abertura-do-carnaval-em-Itaborai-300x169.jpeg 300w, https:\/\/sgvaimudar.com.br\/wp-content\/uploads\/2025\/03\/Ita-Folia-2025-Sergio-Loroza-e-Bloco-Simpatia-e-Quase-Amor-agitam-a-abertura-do-carnaval-em-Itaborai-768x432.jpeg 768w, https:\/\/sgvaimudar.com.br\/wp-content\/uploads\/2025\/03\/Ita-Folia-2025-Sergio-Loroza-e-Bloco-Simpatia-e-Quase-Amor-agitam-a-abertura-do-carnaval-em-Itaborai-1536x864.jpeg 1536w, https:\/\/sgvaimudar.com.br\/wp-content\/uploads\/2025\/03\/Ita-Folia-2025-Sergio-Loroza-e-Bloco-Simpatia-e-Quase-Amor-agitam-a-abertura-do-carnaval-em-Itaborai-2048x1152.jpeg 2048w\" sizes=\"(max-width: 1024px) 100vw, 1024px\" \/><\/figure>\n\n\n\n<p>O prefeito de Itabora\u00ed, Marcelo Delaroli, celebrou o sucesso da primeira noite de folia.<\/p>\n\n\n\n<p>\u201cO Ita Folia \u00e9 um evento para o nosso povo, que movimenta a cultura, a economia e a alegria do nosso munic\u00edpio. \u00c9 um Carnaval feito com muito carinho e seguran\u00e7a para toda a popula\u00e7\u00e3o. Essa foi apenas a primeira noite e a nossa expectativa \u00e9 que esse Ita Folia seja inesquec\u00edvel\u201d, destacou Marcelo Delaroli.<\/p>\n\n\n\n<p>Um dos diferenciais desta edi\u00e7\u00e3o do Ita Folia 2025, s\u00e3o os pain\u00e9is de LED que foram instalados ao longo da Avenida 22 de Maio, transmitindo ao vivo as apresenta\u00e7\u00f5es. Al\u00e9m disso, dois pontos de hidrata\u00e7\u00e3o foram disponibilizados para os foli\u00f5es, um em frente \u00e0 Caixa Econ\u00f4mica Federal e outro pr\u00f3ximo \u00e0 Pra\u00e7a Alarico Antunes.<\/p>\n\n\n\n<p>A grande atra\u00e7\u00e3o da noite foi S\u00e9rgio Loroza, que com seu carisma e repert\u00f3rio ecl\u00e9tico, transformou a avenida em um verdadeiro espet\u00e1culo de m\u00fasica e divers\u00e3o, falou sobre a import\u00e2ncia de eventos como o Ita Folia.<\/p>\n\n\n\n<p>\u201cEu acho que o carnaval \u00e9 uma parada muito importante, at\u00e9 economicamente. Tem pessoas que v\u00e3o sair daqui, com uma grana pra levar pra casa, ent\u00e3o assim, isso aqui \u00e9 uma parada muito s\u00e9ria. O carnaval \u00e9 uma parada muito s\u00e9ria e eu gostaria que o carnaval fosse 365 dias do ano\u201d, expressou o artista.<\/p>\n\n\n\n<p>Para os pequenos foli\u00f5es, a festa come\u00e7ou mais cedo, \u00e0s 16h, com o Ita Folia Kids na Pra\u00e7a Marechal Floriano Peixoto, no Centro, garantindo divers\u00e3o para toda a fam\u00edlia. Al\u00e9m da abertura do Espa\u00e7o Azul, que oferece suporte a crian\u00e7as e adolescentes neurodivergentes.<\/p>\n\n\n\n<p>A seguran\u00e7a foi refor\u00e7ada pela Secretaria Municipal de Seguran\u00e7a P\u00fablica, com policiamento ostensivo e revista na entrada do evento para impedir a entrada de garrafas de vidro e objetos cortantes. Al\u00e9m disso, a Secretaria Municipal de Desenvolvimento Social distribuiu pulseiras de identifica\u00e7\u00e3o para menores de idade, contendo nome e contato dos respons\u00e1veis. J\u00e1 a Secretaria de Meio Ambiente e Urbanismo, promoveu a campanha \u201cDescarte consciente vale recompensa!\u201d, distribuindo copos reutiliz\u00e1veis tem\u00e1ticos do evento para os foli\u00f5es que levassem at\u00e9 10 itens recicl\u00e1veis.<\/p>\n\n\n\n<p>A Secretaria Municipal de Sa\u00fade atua por meio do Posto M\u00e9dico, montado em local estrat\u00e9gico para atender qualquer intercorr\u00eancia, e ainda cerca de 10 ambul\u00e2ncias distribu\u00eddas no evento, refor\u00e7am o compromisso com o bem-estar da popula\u00e7\u00e3o.<\/p>\n\n\n\n<p>O Ita Folia foi pensado para promover alegria e divers\u00e3o para a popula\u00e7\u00e3o, reunindo pessoas de todas as idades. Marcelle Nascimento, de 40 anos, moradora do bairro Outeiro das Pedras \u00e9 uma das pessoas que n\u00e3o abriu m\u00e3o de ver o bloco passar na avenida.<\/p>\n\n\n\n<p>\u201cEstou curtindo esse carnaval maravilhoso em Itabora\u00ed. S\u00f3 tenho que parabenizar a Prefeitura, porque o carnaval est\u00e1 maravilhoso, tem seguran\u00e7a e anima\u00e7\u00e3o. A popula\u00e7\u00e3o fica muito alegre por esse momento de lazer\u201d, disse a vendedora.<\/p>\n\n\n\n<p>Outras secretarias tamb\u00e9m contribu\u00edram para o sucesso do evento, como as secretarias municipais de Comunica\u00e7\u00e3o Social, Defesa Civil, Fazenda e Tecnologia, Transportes, Turismo e Eventos. E tamb\u00e9m, o Corpo de Bombeiros, prestando suporte para emerg\u00eancias e seguran\u00e7a preventiva.<\/p>\n\n\n\n<p>Programa\u00e7\u00e3o oficial \u2013 ItaFolia 2025<br>Domingo (02\/03)<br>-Carrossel de Emo\u00e7\u00f5es<br>-Bloco da Lara Zuzarte + Isadora + Dediane<\/p>\n\n\n\n<p>Segunda-feira (03\/03)<br>-Bloco do Pagode do Adame<br>-Strategya<\/p>\n\n\n\n<p>Ter\u00e7a-feira (04\/03)<br>-Cord\u00e3o da Bola Preta<br>-Vou Zuar<br>-Wallace Ara\u00fajo + Bruninho + Kelly Valadares<\/p>\n\n\n\n<p>DJ Tubar\u00e3o e DJ Caique animam os foli\u00f5es em todos os dias de festa.<\/p>\n\n\n\n<p><strong><em>S\u00e3o Gon\u00e7alo vai mudar: Not\u00edcias de S\u00e3o Gon\u00e7alo e toda regi\u00e3o.<\/em><\/strong><\/p>\n\n\n\n<figure class=\"wp-block-image size-full\"><img decoding=\"async\" width=\"317\" height=\"110\" src=\"https:\/\/sgvaimudar.com.br\/wp-content\/uploads\/2023\/08\/cropped-Logo-Provisoria-2-2.png\" alt=\"\" class=\"wp-image-2782\" srcset=\"https:\/\/sgvaimudar.com.br\/wp-content\/uploads\/2023\/08\/cropped-Logo-Provisoria-2-2.png 317w, https:\/\/sgvaimudar.com.br\/wp-content\/uploads\/2023\/08\/cropped-Logo-Provisoria-2-2-300x104.png 300w\" sizes=\"(max-width: 317px) 100vw, 317px\" \/><\/figure>\n","protected":false},"excerpt":{"rendered":"<p>A Prefeitura destacou que a programa\u00e7\u00e3o tamb\u00e9m se estendeu para os bairros Manilha, Apolo II e Itambi Itabora\u00ed segue com&hellip;<\/p>\n","protected":false},"author":5,"featured_media":21286,"comment_status":"open","ping_status":"open","sticky":false,"template":"","format":"standard","meta":{"fifu_image_url":"","fifu_image_alt":"","footnotes":""},"categories":[6],"tags":[47],"class_list":["post-21284","post","type-post","status-publish","format-standard","has-post-thumbnail","hentry","category-entretenimento","tag-rj"],"_links":{"self":[{"href":"https:\/\/sgvaimudar.com.br\/index.php\/wp-json\/wp\/v2\/posts\/21284","targetHints":{"allow":["GET"]}}],"collection":[{"href":"https:\/\/sgvaimudar.com.br\/index.php\/wp-json\/wp\/v2\/posts"}],"about":[{"href":"https:\/\/sgvaimudar.com.br\/index.php\/wp-json\/wp\/v2\/types\/post"}],"author":[{"embeddable":true,"href":"https:\/\/sgvaimudar.com.br\/index.php\/wp-json\/wp\/v2\/users\/5"}],"replies":[{"embeddable":true,"href":"https:\/\/sgvaimudar.com.br\/index.php\/wp-json\/wp\/v2\/comments?post=21284"}],"version-history":[{"count":1,"href":"https:\/\/sgvaimudar.com.br\/index.php\/wp-json\/wp\/v2\/posts\/21284\/revisions"}],"predecessor-version":[{"id":21287,"href":"https:\/\/sgvaimudar.com.br\/index.php\/wp-json\/wp\/v2\/posts\/21284\/revisions\/21287"}],"wp:featuredmedia":[{"embeddable":true,"href":"https:\/\/sgvaimudar.com.br\/index.php\/wp-json\/wp\/v2\/media\/21286"}],"wp:attachment":[{"href":"https:\/\/sgvaimudar.com.br\/index.php\/wp-json\/wp\/v2\/media?parent=21284"}],"wp:term":[{"taxonomy":"category","embeddable":true,"href":"https:\/\/sgvaimudar.com.br\/index.php\/wp-json\/wp\/v2\/categories?post=21284"},{"taxonomy":"post_tag","embeddable":true,"href":"https:\/\/sgvaimudar.com.br\/index.php\/wp-json\/wp\/v2\/tags?post=21284"}],"curies":[{"name":"wp","href":"https:\/\/api.w.org\/{rel}","templated":true}]}}