{"id":21281,"date":"2025-03-03T12:00:00","date_gmt":"2025-03-03T15:00:00","guid":{"rendered":"https:\/\/sgvaimudar.com.br\/?p=21281"},"modified":"2025-03-03T09:03:55","modified_gmt":"2025-03-03T12:03:55","slug":"torres-de-seguranca-do-governo-do-estado-fortalecem-protecao-em-pontos-de-maior-concentracao-de-folioes","status":"publish","type":"post","link":"https:\/\/sgvaimudar.com.br\/index.php\/2025\/03\/03\/torres-de-seguranca-do-governo-do-estado-fortalecem-protecao-em-pontos-de-maior-concentracao-de-folioes\/","title":{"rendered":"Torres de seguran\u00e7a do Governo do Estado fortalecem prote\u00e7\u00e3o em pontos de maior concentra\u00e7\u00e3o de foli\u00f5es"},"content":{"rendered":"\n<p>As 30 torres de seguran\u00e7a instaladas pelo Governo do Estado nos pontos de maior movimenta\u00e7\u00e3o de Carnaval seguem garantindo o bem-estar dos foli\u00f5es que curtem cair na folia e assistir aos desfiles na Sapuca\u00ed.<\/p>\n\n\n\n<p> Cada torre conta com quatro c\u00e2meras tipo Bullet na parte da cima, uma c\u00e2mera com o sistema PTZ \u2013 que permite movimentos remotos nas dire\u00e7\u00f5es horizontal, vertical e ajustes de zoom \u2013 e uma de reconhecimento facial.<\/p>\n\n\n\n<p>Com o aux\u00edlio das c\u00e2meras de reconhecimento facial implantadas por meio da Secretaria de Governo, dois homens foragidos da Justi\u00e7a foram presos entre sexta-feira (28\/02) e s\u00e1bado (01\/03), na regi\u00e3o do Samb\u00f3dromo e no Centro do Rio. Estas foram as primeiras pris\u00f5es auxiliadas por c\u00e2meras de reconhecimento facial durante o per\u00edodo de Carnaval.<\/p>\n\n\n\n<p><strong><em>S\u00e3o Gon\u00e7alo vai mudar: Not\u00edcias de S\u00e3o Gon\u00e7alo e toda regi\u00e3o.<\/em><\/strong><\/p>\n\n\n\n<figure class=\"wp-block-image size-full\"><img decoding=\"async\" width=\"317\" height=\"110\" src=\"https:\/\/sgvaimudar.com.br\/wp-content\/uploads\/2023\/08\/cropped-Logo-Provisoria-2-2.png\" alt=\"\" class=\"wp-image-2782\" srcset=\"https:\/\/sgvaimudar.com.br\/wp-content\/uploads\/2023\/08\/cropped-Logo-Provisoria-2-2.png 317w, https:\/\/sgvaimudar.com.br\/wp-content\/uploads\/2023\/08\/cropped-Logo-Provisoria-2-2-300x104.png 300w\" sizes=\"(max-width: 317px) 100vw, 317px\" \/><\/figure>\n","protected":false},"excerpt":{"rendered":"<p>As 30 torres de seguran\u00e7a instaladas pelo Governo do Estado nos pontos de maior movimenta\u00e7\u00e3o de Carnaval seguem garantindo o&hellip;<\/p>\n","protected":false},"author":5,"featured_media":21282,"comment_status":"open","ping_status":"open","sticky":false,"template":"","format":"standard","meta":{"fifu_image_url":"","fifu_image_alt":"","footnotes":""},"categories":[32],"tags":[47],"class_list":["post-21281","post","type-post","status-publish","format-standard","has-post-thumbnail","hentry","category-casos-de-policia","tag-rj"],"_links":{"self":[{"href":"https:\/\/sgvaimudar.com.br\/index.php\/wp-json\/wp\/v2\/posts\/21281","targetHints":{"allow":["GET"]}}],"collection":[{"href":"https:\/\/sgvaimudar.com.br\/index.php\/wp-json\/wp\/v2\/posts"}],"about":[{"href":"https:\/\/sgvaimudar.com.br\/index.php\/wp-json\/wp\/v2\/types\/post"}],"author":[{"embeddable":true,"href":"https:\/\/sgvaimudar.com.br\/index.php\/wp-json\/wp\/v2\/users\/5"}],"replies":[{"embeddable":true,"href":"https:\/\/sgvaimudar.com.br\/index.php\/wp-json\/wp\/v2\/comments?post=21281"}],"version-history":[{"count":1,"href":"https:\/\/sgvaimudar.com.br\/index.php\/wp-json\/wp\/v2\/posts\/21281\/revisions"}],"predecessor-version":[{"id":21283,"href":"https:\/\/sgvaimudar.com.br\/index.php\/wp-json\/wp\/v2\/posts\/21281\/revisions\/21283"}],"wp:featuredmedia":[{"embeddable":true,"href":"https:\/\/sgvaimudar.com.br\/index.php\/wp-json\/wp\/v2\/media\/21282"}],"wp:attachment":[{"href":"https:\/\/sgvaimudar.com.br\/index.php\/wp-json\/wp\/v2\/media?parent=21281"}],"wp:term":[{"taxonomy":"category","embeddable":true,"href":"https:\/\/sgvaimudar.com.br\/index.php\/wp-json\/wp\/v2\/categories?post=21281"},{"taxonomy":"post_tag","embeddable":true,"href":"https:\/\/sgvaimudar.com.br\/index.php\/wp-json\/wp\/v2\/tags?post=21281"}],"curies":[{"name":"wp","href":"https:\/\/api.w.org\/{rel}","templated":true}]}}