{"id":21240,"date":"2025-03-02T15:00:00","date_gmt":"2025-03-02T18:00:00","guid":{"rendered":"https:\/\/sgvaimudar.com.br\/?p=21240"},"modified":"2025-03-02T09:38:05","modified_gmt":"2025-03-02T12:38:05","slug":"novos-membros-do-conselho-municipal-de-saude-tomam-posse-em-itaborai","status":"publish","type":"post","link":"https:\/\/sgvaimudar.com.br\/index.php\/2025\/03\/02\/novos-membros-do-conselho-municipal-de-saude-tomam-posse-em-itaborai\/","title":{"rendered":"Novos membros do Conselho Municipal de Sa\u00fade tomam posse em Itabora\u00ed"},"content":{"rendered":"\n<p>A cerim\u00f4nia de posse dos novos membros do Conselho Municipal de Sa\u00fade de Itabora\u00ed (CMS-Ita) foi realizada no Plen\u00e1rio da C\u00e2mara Municipal de Vereadores, em Nancil\u00e2ndia. No total, 19 conselheiros foram empossados, sendo 10 titulares e 9 suplentes.<\/p>\n\n\n\n<p>O evento contou com a presen\u00e7a da secret\u00e1ria municipal de Sa\u00fade, Analice Rangel; da coordenadora da Comiss\u00e3o Eleitoral, Gabriele Gomes Parajara; e do presidente do Conselho Estadual de Sa\u00fade do Estado do Rio de Janeiro (CES-RJ), Leonardo L\u00e9gora Abreu.<\/p>\n\n\n\n<p>O CMS-Ita \u00e9 composto por representantes do governo, prestadores de servi\u00e7o e usu\u00e1rios da rede municipal de sa\u00fade, divididos em tr\u00eas segmentos: Usu\u00e1rio, Profissional de Sa\u00fade e Prestador de Servi\u00e7os\/Gest\u00e3o. O papel do conselho \u00e9 fundamental para acompanhar, avaliar e fiscalizar a Pol\u00edtica Municipal de Sa\u00fade e a execu\u00e7\u00e3o do Sistema \u00danico de Sa\u00fade (SUS) no munic\u00edpio.<\/p>\n\n\n\n<p>Durante a solenidade, a secret\u00e1ria municipal de Sa\u00fade, Analice Rangel, destacou a import\u00e2ncia do Conselho para a gest\u00e3o da sa\u00fade p\u00fablica.<\/p>\n\n\n\n<p>\u201cO Conselho Municipal tem um papel muito importante junto \u00e0 Secretaria de Sa\u00fade. A presen\u00e7a dos conselheiros fortalece a gest\u00e3o e contribui significativamente para a melhoria dos servi\u00e7os prestados \u00e0 popula\u00e7\u00e3o. Contamos com essa parceria para avan\u00e7armos cada vez mais na constru\u00e7\u00e3o de uma sa\u00fade p\u00fablica mais eficiente e acess\u00edvel\u201d, afirmou a secret\u00e1ria.<\/p>\n\n\n\n<p>O presidente do CES-RJ, Leonardo L\u00e9gora Abreu, parabenizou os novos conselheiros e ressaltou a import\u00e2ncia do trabalho coletivo.<\/p>\n\n\n\n<p>\u201cOs conselheiros que tomam posse hoje s\u00e3o pe\u00e7as fundamentais nesse processo. Em nome deles, parabenizo toda a popula\u00e7\u00e3o de Itabora\u00ed, que ganha um Conselho forte e atuante, capaz de contribuir para o fortalecimento do SUS e para a melhoria dos servi\u00e7os de sa\u00fade na cidade\u201d, destacou o presidente.<\/p>\n\n\n\n<p>J\u00e1 a coordenadora da Comiss\u00e3o Eleitoral, Gabriele Gomes Parajara, enfatizou o compromisso e a responsabilidade dos novos conselheiros.<\/p>\n\n\n\n<p>\u201cParabenizo todas as institui\u00e7\u00f5es que comp\u00f5em este Conselho e desejo a todos uma excelente gest\u00e3o. O controle social \u00e9 essencial para garantir o bom funcionamento do SUS e assegurar que a popula\u00e7\u00e3o tenha seus direitos respeitados. Contem conosco para o que for necess\u00e1rio\u201d, afirmou a coordenadora.<\/p>\n\n\n\n<p><strong><em>S\u00e3o Gon\u00e7alo vai mudar: Not\u00edcias de S\u00e3o Gon\u00e7alo e toda regi\u00e3o.<\/em><\/strong><\/p>\n\n\n\n<figure class=\"wp-block-image size-full\"><img decoding=\"async\" width=\"317\" height=\"110\" src=\"https:\/\/sgvaimudar.com.br\/wp-content\/uploads\/2023\/08\/cropped-Logo-Provisoria-2-2.png\" alt=\"\" class=\"wp-image-2782\" srcset=\"https:\/\/sgvaimudar.com.br\/wp-content\/uploads\/2023\/08\/cropped-Logo-Provisoria-2-2.png 317w, https:\/\/sgvaimudar.com.br\/wp-content\/uploads\/2023\/08\/cropped-Logo-Provisoria-2-2-300x104.png 300w\" sizes=\"(max-width: 317px) 100vw, 317px\" \/><\/figure>\n","protected":false},"excerpt":{"rendered":"<p>A cerim\u00f4nia de posse dos novos membros do Conselho Municipal de Sa\u00fade de Itabora\u00ed (CMS-Ita) foi realizada no Plen\u00e1rio da&hellip;<\/p>\n","protected":false},"author":5,"featured_media":21241,"comment_status":"open","ping_status":"open","sticky":false,"template":"","format":"standard","meta":{"fifu_image_url":"","fifu_image_alt":"","footnotes":""},"categories":[7],"tags":[47],"class_list":["post-21240","post","type-post","status-publish","format-standard","has-post-thumbnail","hentry","category-saude","tag-rj"],"_links":{"self":[{"href":"https:\/\/sgvaimudar.com.br\/index.php\/wp-json\/wp\/v2\/posts\/21240","targetHints":{"allow":["GET"]}}],"collection":[{"href":"https:\/\/sgvaimudar.com.br\/index.php\/wp-json\/wp\/v2\/posts"}],"about":[{"href":"https:\/\/sgvaimudar.com.br\/index.php\/wp-json\/wp\/v2\/types\/post"}],"author":[{"embeddable":true,"href":"https:\/\/sgvaimudar.com.br\/index.php\/wp-json\/wp\/v2\/users\/5"}],"replies":[{"embeddable":true,"href":"https:\/\/sgvaimudar.com.br\/index.php\/wp-json\/wp\/v2\/comments?post=21240"}],"version-history":[{"count":1,"href":"https:\/\/sgvaimudar.com.br\/index.php\/wp-json\/wp\/v2\/posts\/21240\/revisions"}],"predecessor-version":[{"id":21242,"href":"https:\/\/sgvaimudar.com.br\/index.php\/wp-json\/wp\/v2\/posts\/21240\/revisions\/21242"}],"wp:featuredmedia":[{"embeddable":true,"href":"https:\/\/sgvaimudar.com.br\/index.php\/wp-json\/wp\/v2\/media\/21241"}],"wp:attachment":[{"href":"https:\/\/sgvaimudar.com.br\/index.php\/wp-json\/wp\/v2\/media?parent=21240"}],"wp:term":[{"taxonomy":"category","embeddable":true,"href":"https:\/\/sgvaimudar.com.br\/index.php\/wp-json\/wp\/v2\/categories?post=21240"},{"taxonomy":"post_tag","embeddable":true,"href":"https:\/\/sgvaimudar.com.br\/index.php\/wp-json\/wp\/v2\/tags?post=21240"}],"curies":[{"name":"wp","href":"https:\/\/api.w.org\/{rel}","templated":true}]}}