{"id":21230,"date":"2025-03-02T11:59:00","date_gmt":"2025-03-02T14:59:00","guid":{"rendered":"https:\/\/sgvaimudar.com.br\/?p=21230"},"modified":"2025-03-02T09:14:18","modified_gmt":"2025-03-02T12:14:18","slug":"reporter-da-globo-leva-spray-de-espuma-na-cara-e-e-roubado-ao-vivo-no-rio-video","status":"publish","type":"post","link":"https:\/\/sgvaimudar.com.br\/index.php\/2025\/03\/02\/reporter-da-globo-leva-spray-de-espuma-na-cara-e-e-roubado-ao-vivo-no-rio-video\/","title":{"rendered":"Rep\u00f3rter da Globo leva spray de espuma na cara e \u00e9 roubado ao vivo no Rio; V\u00eddeo"},"content":{"rendered":"\n<p><em>Enquanto realizava sua transmiss\u00e3o, ele foi atingido por spray de espuma no rosto<\/em><\/p>\n\n\n\n<p>O rep\u00f3rter Josu\u00e9 Amador, da Inter TV RJ, afiliada da Globo no Rio de Janeiro, foi v\u00edtima de um furto enquanto trabalhava na cobertura do Carnaval, nesta sexta-feira. O jornalista, que informava sobre o funcionamento do transporte p\u00fablico durante o feriado, sofreu um ataque em meio a um grupo de jovens que passava ao fundo, levou espuma na cara e teve o celular roubado ao vivo.<\/p>\n\n\n\n<p>Enquanto realizava sua transmiss\u00e3o, Amador foi atingido por spray de espuma no rosto. No momento em que tentava se limpar, seu telefone foi furtado, deixando-o visivelmente abalado. \u201cRoubou meu telefone\u201d, declarou o rep\u00f3rter, em um momento de tens\u00e3o. O jornalista trabalha h\u00e1 um ano e sete meses na emissora e jamais havia passado por situa\u00e7\u00e3o semelhante.<\/p>\n\n\n\n<figure class=\"wp-block-video\"><video height=\"900\" style=\"aspect-ratio: 720 \/ 900;\" width=\"720\" controls src=\"https:\/\/sgvaimudar.com.br\/wp-content\/uploads\/2025\/03\/Snapinst.app_video_AQMUI_idmJcDj_Qv25qICwl-Dq8z2GN2MpAUtzuB3MJMNuNpPli1d9tkyxqFkHEBIulFTRxQ6ZCPSv_1VsOVM94y2qVoSTJ31WL8Peg.mp4\"><\/video><\/figure>\n\n\n\n<p>\u201cObrigado a todos pela preocupa\u00e7\u00e3o e torcida pelo meu bem-estar. Estou bem\u201d, disse o rep\u00f3rter nas redes sociais.<\/p>\n\n\n\n<p>A cena, registrada ao vivo, viralizou nas redes sociais e gerou indigna\u00e7\u00e3o entre os internautas. \u201cFalta de respeito com o rep\u00f3rter\u201d, criticou um usu\u00e1rio. \u201cBrincadeira sem gra\u00e7a, o cara trabalhando\u201d, lamentou outro. \u201cFoli\u00f5es ou ladr\u00f5es?\u201d, questionou uma outra pessoa.<\/p>\n\n\n\n<p>\u2014 Meu Deus do c\u00e9u, gente, olha s\u00f3, isso n\u00e3o tem cabimento. \u00c9 Carnaval, eu sei que as pessoas querem curtir, querem aproveitar, mas, acima de tudo, tem que respeitar quem est\u00e1 trabalhando. Voc\u00ea n\u00e3o pode desrespeitar o rep\u00f3rter em um momento desse, ele est\u00e1 cumprindo o papel dele de passar informa\u00e7\u00e3o para quem quer saber \u2014 disse Michelle Canciler, editora-chefe e apresentadora do RJ2, ao manifestar rep\u00fadio ao ocorrido<\/p>\n\n\n\n<p>A Inter TV RJ tamb\u00e9m se manifestou por meio de nota de rep\u00fadio, ressaltando a import\u00e2ncia do respeito aos profissionais de imprensa: \u201c\u00c9 fundamental lembrar que qualquer ataque a um jornalista \u00e9 um ataque \u00e0 liberdade de imprensa. A viol\u00eancia contra profissionais da comunica\u00e7\u00e3o representa uma amea\u00e7a \u00e0 liberdade de express\u00e3o, princ\u00edpio que deve ser respeitado por todos\u201d.<\/p>\n\n\n\n<p><strong><em>S\u00e3o Gon\u00e7alo vai mudar: Not\u00edcias de S\u00e3o Gon\u00e7alo e toda regi\u00e3o.<\/em><\/strong><\/p>\n\n\n\n<figure class=\"wp-block-image size-full\"><img decoding=\"async\" width=\"317\" height=\"110\" src=\"https:\/\/sgvaimudar.com.br\/wp-content\/uploads\/2023\/08\/cropped-Logo-Provisoria-2-2.png\" alt=\"\" class=\"wp-image-2782\" srcset=\"https:\/\/sgvaimudar.com.br\/wp-content\/uploads\/2023\/08\/cropped-Logo-Provisoria-2-2.png 317w, https:\/\/sgvaimudar.com.br\/wp-content\/uploads\/2023\/08\/cropped-Logo-Provisoria-2-2-300x104.png 300w\" sizes=\"(max-width: 317px) 100vw, 317px\" \/><\/figure>\n","protected":false},"excerpt":{"rendered":"<p>Enquanto realizava sua transmiss\u00e3o, ele foi atingido por spray de espuma no rosto O rep\u00f3rter Josu\u00e9 Amador, da Inter TV&hellip;<\/p>\n","protected":false},"author":5,"featured_media":21232,"comment_status":"open","ping_status":"open","sticky":false,"template":"","format":"standard","meta":{"fifu_image_url":"","fifu_image_alt":"","footnotes":""},"categories":[32],"tags":[39,47],"class_list":["post-21230","post","type-post","status-publish","format-standard","has-post-thumbnail","hentry","category-casos-de-policia","tag-ataque","tag-rj"],"_links":{"self":[{"href":"https:\/\/sgvaimudar.com.br\/index.php\/wp-json\/wp\/v2\/posts\/21230","targetHints":{"allow":["GET"]}}],"collection":[{"href":"https:\/\/sgvaimudar.com.br\/index.php\/wp-json\/wp\/v2\/posts"}],"about":[{"href":"https:\/\/sgvaimudar.com.br\/index.php\/wp-json\/wp\/v2\/types\/post"}],"author":[{"embeddable":true,"href":"https:\/\/sgvaimudar.com.br\/index.php\/wp-json\/wp\/v2\/users\/5"}],"replies":[{"embeddable":true,"href":"https:\/\/sgvaimudar.com.br\/index.php\/wp-json\/wp\/v2\/comments?post=21230"}],"version-history":[{"count":1,"href":"https:\/\/sgvaimudar.com.br\/index.php\/wp-json\/wp\/v2\/posts\/21230\/revisions"}],"predecessor-version":[{"id":21233,"href":"https:\/\/sgvaimudar.com.br\/index.php\/wp-json\/wp\/v2\/posts\/21230\/revisions\/21233"}],"wp:featuredmedia":[{"embeddable":true,"href":"https:\/\/sgvaimudar.com.br\/index.php\/wp-json\/wp\/v2\/media\/21232"}],"wp:attachment":[{"href":"https:\/\/sgvaimudar.com.br\/index.php\/wp-json\/wp\/v2\/media?parent=21230"}],"wp:term":[{"taxonomy":"category","embeddable":true,"href":"https:\/\/sgvaimudar.com.br\/index.php\/wp-json\/wp\/v2\/categories?post=21230"},{"taxonomy":"post_tag","embeddable":true,"href":"https:\/\/sgvaimudar.com.br\/index.php\/wp-json\/wp\/v2\/tags?post=21230"}],"curies":[{"name":"wp","href":"https:\/\/api.w.org\/{rel}","templated":true}]}}