{"id":21208,"date":"2025-03-02T08:04:16","date_gmt":"2025-03-02T11:04:16","guid":{"rendered":"https:\/\/sgvaimudar.com.br\/?p=21208"},"modified":"2025-03-02T08:04:58","modified_gmt":"2025-03-02T11:04:58","slug":"policia-civil-prende-homem-que-espancou-crianca-de-5-anos-em-macae","status":"publish","type":"post","link":"https:\/\/sgvaimudar.com.br\/index.php\/2025\/03\/02\/policia-civil-prende-homem-que-espancou-crianca-de-5-anos-em-macae\/","title":{"rendered":"Pol\u00edcia Civil prende homem que espancou crian\u00e7a de 5 anos em Maca\u00e9"},"content":{"rendered":"\n<p><em>Ele bateu com a cabe\u00e7a da crian\u00e7a duas vezes contra a parede<\/em><\/p>\n\n\n\n<p>Os Policiais civis da 123\u00aa DP (Maca\u00e9) prenderam um homem, nesta sexta-feira (28\/02), por espancar a enteada de 5 anos. Por conta das agress\u00f5es, ele responder\u00e1 por les\u00e3o corporal na forma da Lei Maria da Penha e tentativa de homic\u00eddio.<\/p>\n\n\n\n<p>De acordo com os agentes, eles tomaram ci\u00eancia do caso quando a crian\u00e7a deu entrada em uma unidade m\u00e9dica, machucada. Em um primeiro momento, alegaram que ela teria ca\u00eddo do balan\u00e7o, mas, ap\u00f3s avalia\u00e7\u00e3o m\u00e9dica, constatou-se que a gravidade dos ferimentos n\u00e3o era condizente com uma simples queda.<\/p>\n\n\n\n<p>Diante dos fatos, a m\u00e3e da v\u00edtima foi procurada pela Pol\u00edcia Civil, e contou que, na verdade, a crian\u00e7a foi agredida por seu companheiro. Ela relatou que o homem, inclusive, bateu a cabe\u00e7a da enteada na parede por duas vezes. Ela contou tamb\u00e9m que j\u00e1 havia sofrido agress\u00f5es do companheiro e que ele a amea\u00e7ou para que mentisse sobre os ferimentos da menina.<\/p>\n\n\n\n<p>O criminoso foi capturado no Centro de Maca\u00e9. Conduzido para a delegacia, ele foi autuado em flagrante.<\/p>\n\n\n\n<p><strong><em>S\u00e3o Gon\u00e7alo vai mudar: Not\u00edcias de S\u00e3o Gon\u00e7alo e toda regi\u00e3o.<\/em><\/strong><\/p>\n\n\n\n<figure class=\"wp-block-image size-full\"><img decoding=\"async\" width=\"317\" height=\"110\" src=\"https:\/\/sgvaimudar.com.br\/wp-content\/uploads\/2023\/08\/cropped-Logo-Provisoria-2-2.png\" alt=\"\" class=\"wp-image-2782\" srcset=\"https:\/\/sgvaimudar.com.br\/wp-content\/uploads\/2023\/08\/cropped-Logo-Provisoria-2-2.png 317w, https:\/\/sgvaimudar.com.br\/wp-content\/uploads\/2023\/08\/cropped-Logo-Provisoria-2-2-300x104.png 300w\" sizes=\"(max-width: 317px) 100vw, 317px\" \/><\/figure>\n","protected":false},"excerpt":{"rendered":"<p>Ele bateu com a cabe\u00e7a da crian\u00e7a duas vezes contra a parede Os Policiais civis da 123\u00aa DP (Maca\u00e9) prenderam&hellip;<\/p>\n","protected":false},"author":5,"featured_media":21209,"comment_status":"open","ping_status":"open","sticky":false,"template":"","format":"standard","meta":{"fifu_image_url":"","fifu_image_alt":"","footnotes":""},"categories":[32],"tags":[47],"class_list":["post-21208","post","type-post","status-publish","format-standard","has-post-thumbnail","hentry","category-casos-de-policia","tag-rj"],"_links":{"self":[{"href":"https:\/\/sgvaimudar.com.br\/index.php\/wp-json\/wp\/v2\/posts\/21208","targetHints":{"allow":["GET"]}}],"collection":[{"href":"https:\/\/sgvaimudar.com.br\/index.php\/wp-json\/wp\/v2\/posts"}],"about":[{"href":"https:\/\/sgvaimudar.com.br\/index.php\/wp-json\/wp\/v2\/types\/post"}],"author":[{"embeddable":true,"href":"https:\/\/sgvaimudar.com.br\/index.php\/wp-json\/wp\/v2\/users\/5"}],"replies":[{"embeddable":true,"href":"https:\/\/sgvaimudar.com.br\/index.php\/wp-json\/wp\/v2\/comments?post=21208"}],"version-history":[{"count":2,"href":"https:\/\/sgvaimudar.com.br\/index.php\/wp-json\/wp\/v2\/posts\/21208\/revisions"}],"predecessor-version":[{"id":21211,"href":"https:\/\/sgvaimudar.com.br\/index.php\/wp-json\/wp\/v2\/posts\/21208\/revisions\/21211"}],"wp:featuredmedia":[{"embeddable":true,"href":"https:\/\/sgvaimudar.com.br\/index.php\/wp-json\/wp\/v2\/media\/21209"}],"wp:attachment":[{"href":"https:\/\/sgvaimudar.com.br\/index.php\/wp-json\/wp\/v2\/media?parent=21208"}],"wp:term":[{"taxonomy":"category","embeddable":true,"href":"https:\/\/sgvaimudar.com.br\/index.php\/wp-json\/wp\/v2\/categories?post=21208"},{"taxonomy":"post_tag","embeddable":true,"href":"https:\/\/sgvaimudar.com.br\/index.php\/wp-json\/wp\/v2\/tags?post=21208"}],"curies":[{"name":"wp","href":"https:\/\/api.w.org\/{rel}","templated":true}]}}