{"id":21169,"date":"2025-03-01T14:00:00","date_gmt":"2025-03-01T17:00:00","guid":{"rendered":"https:\/\/sgvaimudar.com.br\/?p=21169"},"modified":"2025-03-01T09:32:29","modified_gmt":"2025-03-01T12:32:29","slug":"governo-do-estado-do-rio-amplia-oferta-de-barcas-no-domingo-de-carnaval","status":"publish","type":"post","link":"https:\/\/sgvaimudar.com.br\/index.php\/2025\/03\/01\/governo-do-estado-do-rio-amplia-oferta-de-barcas-no-domingo-de-carnaval\/","title":{"rendered":"Governo do Estado do Rio amplia oferta de barcas no domingo de Carnaval"},"content":{"rendered":"\n<p><em>Travessia Pra\u00e7a XV \u2013 Ararib\u00f3ia ter\u00e1 embarques a cada 30 minutos para atender foli\u00f5es<\/em><\/p>\n\n\n\n<p>O Governo do estado, por meio da Secretaria de Transporte e Mobilidade Urbana (Setram), determinou refor\u00e7o na opera\u00e7\u00e3o das barcas no domingo de Carnaval (02\/03), para garantir mais comodidade aos foli\u00f5es que ir\u00e3o participar dos blocos no Centro do Rio e em Niter\u00f3i. Com a medida, as embarca\u00e7\u00f5es que fazem a travessia Pra\u00e7a XV \u2013 Ararib\u00f3ia ter\u00e3o partidas a cada 30 minutos, reduzindo o intervalo anterior, que era de uma hora. <\/p>\n\n\n\n<p>Al\u00e9m disso, o cons\u00f3rcio Barcas Rio, operador do sistema, poder\u00e1 disponibilizar viagens extras caso a demanda de passageiros aumente ao longo dos dias de folia.<\/p>\n\n\n\n<p>Com o novo modelo de presta\u00e7\u00e3o de servi\u00e7o, iniciado em 12 de fevereiro, o estado passou a ter maior controle sobre a opera\u00e7\u00e3o do transporte aquavi\u00e1rio, podendo intervir diretamente para melhorar o atendimento.<\/p>\n\n\n\n<p>\u2014 Estamos garantindo um servi\u00e7o mais eficiente para a popula\u00e7\u00e3o durante o Carnaval. O transporte p\u00fablico precisa acompanhar as necessidades dos cidad\u00e3os, e essa \u00e9 mais uma demonstra\u00e7\u00e3o do compromisso do nosso governo em oferecer mobilidade de qualidade para os cariocas, fluminenses e turistas \u2014 destacou o governador Cl\u00e1udio Castro.<\/p>\n\n\n\n<p><strong>Confira abaixo a programa\u00e7\u00e3o das barcas durante o Carnaval:<\/strong><br><strong><br>S\u00e1bado e domingo (1\u00ba e 2 de mar\u00e7o):<\/strong><\/p>\n\n\n\n<p>Pra\u00e7a XV &lt;-&gt; Ararib\u00f3ia: Partidas a cada 30 minutos<\/p>\n\n\n\n<p>Pra\u00e7a XV \u2013 Ararib\u00f3ia: das 06h \u00e0s 00h<\/p>\n\n\n\n<p>Ararib\u00f3ia \u2013 Pra\u00e7a XV: das 05h30 \u00e0s 23h30<\/p>\n\n\n\n<p>Pra\u00e7a XV &lt;-&gt; Paquet\u00e1: Grade regular de dia n\u00e3o \u00fatil<\/p>\n\n\n\n<p>Pra\u00e7a XV &lt;-&gt; Charitas e Pra\u00e7a XV &lt;-&gt; Cocot\u00e1: Sem opera\u00e7\u00e3o<br>Divis\u00e3o Sul Fluminense: Grade regular de fim de semana<\/p>\n\n\n\n<p><strong>Segunda-feira (03\/03):<\/strong><\/p>\n\n\n\n<p>Pra\u00e7a XV &lt;-&gt; Ararib\u00f3ia: partidas a cada 30 minutos<\/p>\n\n\n\n<p>Pra\u00e7a XV \u2013 Ararib\u00f3ia: das 06h \u00e0s 00h<\/p>\n\n\n\n<p>Ararib\u00f3ia \u2013 Pra\u00e7a XV: das 05h30 \u00e0s 23h30<\/p>\n\n\n\n<p>Pra\u00e7a XV &lt;-&gt; Paquet\u00e1: Grade regular de dia n\u00e3o \u00fatil<\/p>\n\n\n\n<p>Pra\u00e7a XV &lt;-&gt; Charitas e Pra\u00e7a XV &lt;-&gt; Cocot\u00e1: Sem opera\u00e7\u00e3o<\/p>\n\n\n\n<p>Divis\u00e3o Sul Fluminense: Grade regular de fim de semana<\/p>\n\n\n\n<p><strong>Ter\u00e7a-feira (04\/03):<\/strong><\/p>\n\n\n\n<p>Pra\u00e7a XV &lt;-&gt; Ararib\u00f3ia: partidas a cada 30 minutos<\/p>\n\n\n\n<p>Pra\u00e7a XV \u2013 Ararib\u00f3ia: das 06h \u00e0s 00h<\/p>\n\n\n\n<p>Ararib\u00f3ia \u2013 Pra\u00e7a XV: das 05h30 \u00e0s 23h30<\/p>\n\n\n\n<p>Pra\u00e7a XV &lt;-&gt; Paquet\u00e1: Grade regular de dia n\u00e3o \u00fatil<\/p>\n\n\n\n<p>Pra\u00e7a XV &lt;-&gt; Charitas e Pra\u00e7a XV &lt;-&gt; Cocot\u00e1: Sem opera\u00e7\u00e3o<\/p>\n\n\n\n<p>Divis\u00e3o Sul Fluminense: Grade regular de fim de semana<\/p>\n\n\n\n<p><strong>Quarta-feira de Cinzas (05\/03):<\/strong><\/p>\n\n\n\n<p>Pra\u00e7a XV &lt;-&gt; Ararib\u00f3ia: partidas a cada 30 minutos<\/p>\n\n\n\n<p>Pra\u00e7a XV \u2013 Ararib\u00f3ia: das 06h \u00e0s 00h<\/p>\n\n\n\n<p>Ararib\u00f3ia \u2013 Pra\u00e7a XV: das 05h30 \u00e0s 23h30<\/p>\n\n\n\n<p>Pra\u00e7a XV &lt;-&gt; Paquet\u00e1: Grade regular de dia n\u00e3o \u00fatil<\/p>\n\n\n\n<p>Pra\u00e7a XV &lt;-&gt; Charitas e Pra\u00e7a XV &lt;-&gt; Cocot\u00e1: Sem opera\u00e7\u00e3o<\/p>\n\n\n\n<p>Divis\u00e3o Sul Fluminense: Grade regular de fim de semana<\/p>\n\n\n\n<p>Mais informa\u00e7\u00f5es est\u00e3o dispon\u00edveis no site\u00a0<a rel=\"noreferrer noopener\" href=\"http:\/\/www.barcasrio.com.br.\/\" target=\"_blank\">www.barcasrio.com.br.<\/a><\/p>\n\n\n\n<p><strong><em>S\u00e3o Gon\u00e7alo vai mudar: Not\u00edcias de S\u00e3o Gon\u00e7alo e toda regi\u00e3o.<\/em><\/strong><\/p>\n\n\n\n<figure class=\"wp-block-image size-full\"><img decoding=\"async\" width=\"317\" height=\"110\" src=\"https:\/\/sgvaimudar.com.br\/wp-content\/uploads\/2023\/08\/cropped-Logo-Provisoria-2-2.png\" alt=\"\" class=\"wp-image-2782\" srcset=\"https:\/\/sgvaimudar.com.br\/wp-content\/uploads\/2023\/08\/cropped-Logo-Provisoria-2-2.png 317w, https:\/\/sgvaimudar.com.br\/wp-content\/uploads\/2023\/08\/cropped-Logo-Provisoria-2-2-300x104.png 300w\" sizes=\"(max-width: 317px) 100vw, 317px\" \/><\/figure>\n","protected":false},"excerpt":{"rendered":"<p>Travessia Pra\u00e7a XV \u2013 Ararib\u00f3ia ter\u00e1 embarques a cada 30 minutos para atender foli\u00f5es O Governo do estado, por meio&hellip;<\/p>\n","protected":false},"author":5,"featured_media":20236,"comment_status":"open","ping_status":"open","sticky":false,"template":"","format":"standard","meta":{"fifu_image_url":"","fifu_image_alt":"","footnotes":""},"categories":[34],"tags":[47,75],"class_list":["post-21169","post","type-post","status-publish","format-standard","has-post-thumbnail","hentry","category-niteroi","tag-rj","tag-sao-goncalo"],"_links":{"self":[{"href":"https:\/\/sgvaimudar.com.br\/index.php\/wp-json\/wp\/v2\/posts\/21169","targetHints":{"allow":["GET"]}}],"collection":[{"href":"https:\/\/sgvaimudar.com.br\/index.php\/wp-json\/wp\/v2\/posts"}],"about":[{"href":"https:\/\/sgvaimudar.com.br\/index.php\/wp-json\/wp\/v2\/types\/post"}],"author":[{"embeddable":true,"href":"https:\/\/sgvaimudar.com.br\/index.php\/wp-json\/wp\/v2\/users\/5"}],"replies":[{"embeddable":true,"href":"https:\/\/sgvaimudar.com.br\/index.php\/wp-json\/wp\/v2\/comments?post=21169"}],"version-history":[{"count":1,"href":"https:\/\/sgvaimudar.com.br\/index.php\/wp-json\/wp\/v2\/posts\/21169\/revisions"}],"predecessor-version":[{"id":21170,"href":"https:\/\/sgvaimudar.com.br\/index.php\/wp-json\/wp\/v2\/posts\/21169\/revisions\/21170"}],"wp:featuredmedia":[{"embeddable":true,"href":"https:\/\/sgvaimudar.com.br\/index.php\/wp-json\/wp\/v2\/media\/20236"}],"wp:attachment":[{"href":"https:\/\/sgvaimudar.com.br\/index.php\/wp-json\/wp\/v2\/media?parent=21169"}],"wp:term":[{"taxonomy":"category","embeddable":true,"href":"https:\/\/sgvaimudar.com.br\/index.php\/wp-json\/wp\/v2\/categories?post=21169"},{"taxonomy":"post_tag","embeddable":true,"href":"https:\/\/sgvaimudar.com.br\/index.php\/wp-json\/wp\/v2\/tags?post=21169"}],"curies":[{"name":"wp","href":"https:\/\/api.w.org\/{rel}","templated":true}]}}