{"id":21158,"date":"2025-03-01T13:00:00","date_gmt":"2025-03-01T16:00:00","guid":{"rendered":"https:\/\/sgvaimudar.com.br\/?p=21158"},"modified":"2025-03-01T09:04:27","modified_gmt":"2025-03-01T12:04:27","slug":"prefeitura-de-sao-goncalo-reforca-equipes-que-atuarao-no-carnaval-raiz","status":"publish","type":"post","link":"https:\/\/sgvaimudar.com.br\/index.php\/2025\/03\/01\/prefeitura-de-sao-goncalo-reforca-equipes-que-atuarao-no-carnaval-raiz\/","title":{"rendered":"Prefeitura de S\u00e3o Gon\u00e7alo refor\u00e7a equipes que atuar\u00e3o no Carnaval Raiz"},"content":{"rendered":"\n<p><em>V\u00e1rias secretarias est\u00e3o mobilizadas para trabalhar durante a folia<\/em><\/p>\n\n\n\n<p>Diversas secretarias da Prefeitura de S\u00e3o Gon\u00e7alo estar\u00e3o de prontid\u00e3o durante o Carnaval Raiz 2025. Com uma programa\u00e7\u00e3o diversificada, o evento ter\u00e1 in\u00edcio \u00e0s 17h, em diversos bairros, como Jardim Catarina, Santa Catarina, Trindade, Ita\u00fana, Jardim Alc\u00e2ntara, Porto da Pedra e Pacheco. A festa come\u00e7ar\u00e1 neste s\u00e1bado (1) e ir\u00e1 at\u00e9 ter\u00e7a-feira (4).<\/p>\n\n\n\n<p>Durante esses dias, secretarias como Guarda Municipal, Defesa Civil, Meio Ambiente e Transportes e Conserva\u00e7\u00e3o estar\u00e3o de prontid\u00e3o para atender aos gon\u00e7alenses e proporcionar o melhor quando se fala em atendimento durante a folia. As unidades de sa\u00fade de urg\u00eancia e emerg\u00eancia funcionar\u00e3o 24 horas por dia, sem interrup\u00e7\u00e3o.<\/p>\n\n\n\n<p>Os guardas municipais estar\u00e3o atuando em todos os locais onde ficar\u00e3o os palcos, garantindo a seguran\u00e7a de toda a popula\u00e7\u00e3o. Ao todo, 20 viaturas da corpora\u00e7\u00e3o e 80 agentes estar\u00e3o atuando na cidade em cada dia de folia. \u00c9 importante ressaltar que agentes do grupamento da Ronda Maria da Penha tamb\u00e9m estar\u00e3o com equipes nas ruas para lidar diretamente em casos de agress\u00f5es e amea\u00e7as contra a integridade de mulheres quando acionados.<\/p>\n\n\n\n<p><strong>Onde denunciar:<\/strong><\/p>\n\n\n\n<p>Disque 180 \u2013 Central de Atendimento \u00e0 Mulher<\/p>\n\n\n\n<p>Disque 190 \u2013 Em Situa\u00e7\u00e3o de flagrante<\/p>\n\n\n\n<p>Buscar a Delegacia de Atendimento \u00e0 Mulher (DEAM)<\/p>\n\n\n\n<p>A Defesa Civil estar\u00e1 de prontid\u00e3o, com atendimento 24 horas e pronta para atuar em casos de chuvas ou desastres naturais na cidade. Para quem precisar do atendimento dos agentes da subsecretaria, basta entrar em contato pelo n\u00famero 199 ou pelo Whatsapp (21) 98737-0807.<\/p>\n\n\n\n<p>A Secretaria de Meio Ambiente e Transportes atuar\u00e1 para garantir o bom funcionamento do tr\u00e2nsito, especialmente nos bairros onde ficar\u00e3o os palcos do Carnaval Raiz, que ter\u00e3o ruas interditadas. Os agentes de tr\u00e2nsito atuar\u00e3o todos os dias no munic\u00edpio mantendo a ordem e a fiscaliza\u00e7\u00e3o necess\u00e1ria.<\/p>\n\n\n\n<p>A Secretaria de Conserva\u00e7\u00e3o seguir\u00e1 com equipes da Subsecretaria de Parques e Jardins, da Limpeza Urbana e do Departamento de Conserva\u00e7\u00e3o e Obras (DCO) para a manuten\u00e7\u00e3o dos espa\u00e7os p\u00fablicos no munic\u00edpio, a retirada de res\u00edduos das ruas e a limpeza de redes de \u00e1gua pluvial quando necess\u00e1rio durante a folia.&nbsp;<\/p>\n\n\n\n<p><em>Fotos: Julio Diniz<\/em><\/p>\n\n\n\n<p><strong><em>S\u00e3o Gon\u00e7alo vai mudar: Not\u00edcias de S\u00e3o Gon\u00e7alo e toda regi\u00e3o.<\/em><\/strong><\/p>\n\n\n\n<figure class=\"wp-block-image size-full\"><img decoding=\"async\" width=\"317\" height=\"110\" src=\"https:\/\/sgvaimudar.com.br\/wp-content\/uploads\/2023\/08\/cropped-Logo-Provisoria-2-2.png\" alt=\"\" class=\"wp-image-2782\" srcset=\"https:\/\/sgvaimudar.com.br\/wp-content\/uploads\/2023\/08\/cropped-Logo-Provisoria-2-2.png 317w, https:\/\/sgvaimudar.com.br\/wp-content\/uploads\/2023\/08\/cropped-Logo-Provisoria-2-2-300x104.png 300w\" sizes=\"(max-width: 317px) 100vw, 317px\" \/><\/figure>\n","protected":false},"excerpt":{"rendered":"<p>V\u00e1rias secretarias est\u00e3o mobilizadas para trabalhar durante a folia Diversas secretarias da Prefeitura de S\u00e3o Gon\u00e7alo estar\u00e3o de prontid\u00e3o durante&hellip;<\/p>\n","protected":false},"author":5,"featured_media":21159,"comment_status":"open","ping_status":"open","sticky":false,"template":"","format":"standard","meta":{"fifu_image_url":"","fifu_image_alt":"","footnotes":""},"categories":[6],"tags":[47,75],"class_list":["post-21158","post","type-post","status-publish","format-standard","has-post-thumbnail","hentry","category-entretenimento","tag-rj","tag-sao-goncalo"],"_links":{"self":[{"href":"https:\/\/sgvaimudar.com.br\/index.php\/wp-json\/wp\/v2\/posts\/21158","targetHints":{"allow":["GET"]}}],"collection":[{"href":"https:\/\/sgvaimudar.com.br\/index.php\/wp-json\/wp\/v2\/posts"}],"about":[{"href":"https:\/\/sgvaimudar.com.br\/index.php\/wp-json\/wp\/v2\/types\/post"}],"author":[{"embeddable":true,"href":"https:\/\/sgvaimudar.com.br\/index.php\/wp-json\/wp\/v2\/users\/5"}],"replies":[{"embeddable":true,"href":"https:\/\/sgvaimudar.com.br\/index.php\/wp-json\/wp\/v2\/comments?post=21158"}],"version-history":[{"count":1,"href":"https:\/\/sgvaimudar.com.br\/index.php\/wp-json\/wp\/v2\/posts\/21158\/revisions"}],"predecessor-version":[{"id":21160,"href":"https:\/\/sgvaimudar.com.br\/index.php\/wp-json\/wp\/v2\/posts\/21158\/revisions\/21160"}],"wp:featuredmedia":[{"embeddable":true,"href":"https:\/\/sgvaimudar.com.br\/index.php\/wp-json\/wp\/v2\/media\/21159"}],"wp:attachment":[{"href":"https:\/\/sgvaimudar.com.br\/index.php\/wp-json\/wp\/v2\/media?parent=21158"}],"wp:term":[{"taxonomy":"category","embeddable":true,"href":"https:\/\/sgvaimudar.com.br\/index.php\/wp-json\/wp\/v2\/categories?post=21158"},{"taxonomy":"post_tag","embeddable":true,"href":"https:\/\/sgvaimudar.com.br\/index.php\/wp-json\/wp\/v2\/tags?post=21158"}],"curies":[{"name":"wp","href":"https:\/\/api.w.org\/{rel}","templated":true}]}}