{"id":21148,"date":"2025-03-01T11:00:00","date_gmt":"2025-03-01T14:00:00","guid":{"rendered":"https:\/\/sgvaimudar.com.br\/?p=21148"},"modified":"2025-03-01T08:43:29","modified_gmt":"2025-03-01T11:43:29","slug":"carnaval-raiz-2025-comeca-neste-sabado-01-em-sao-goncalo","status":"publish","type":"post","link":"https:\/\/sgvaimudar.com.br\/index.php\/2025\/03\/01\/carnaval-raiz-2025-comeca-neste-sabado-01-em-sao-goncalo\/","title":{"rendered":"Carnaval Raiz 2025 come\u00e7a neste s\u00e1bado (01) em S\u00e3o Gon\u00e7alo\u00a0"},"content":{"rendered":"\n<p><em>Com atra\u00e7\u00f5es para todas as idades, evento promete agitar a cidade<\/em><\/p>\n\n\n\n<p>Com in\u00edcio neste s\u00e1bado (01) at\u00e9 ter\u00e7a-feira (04), o Carnaval Raiz 2025 promete agitar a cidade com uma programa\u00e7\u00e3o diversificada e cheia de energia para foli\u00f5es de todas as idades. A partir das 17h, a festa come\u00e7a em diferentes pontos da cidade e vai at\u00e9 meia-noite, com shows de bandas, baterias de escolas de samba e DJs que animaram moradores e visitantes.<\/p>\n\n\n\n<p>O evento tem uma proposta descentralizada, levando alegria a sete bairros de S\u00e3o Gon\u00e7alo: Trindade, Pacheco, Jardim Catarina, Santa Catarina, Jardim Alc\u00e2ntara, Ita\u00fana e Porto da Pedra. Com esse formato, o Carnaval Raiz garante que todos tenham acesso \u00e0 festa, sem a necessidade de se deslocar para grandes centros.<\/p>\n\n\n\n<figure class=\"wp-block-image size-large\"><img fetchpriority=\"high\" decoding=\"async\" width=\"1024\" height=\"1024\" src=\"https:\/\/sgvaimudar.com.br\/wp-content\/uploads\/2025\/03\/unnamed-1024x1024.png\" alt=\"\" class=\"wp-image-21149\" srcset=\"https:\/\/sgvaimudar.com.br\/wp-content\/uploads\/2025\/03\/unnamed-1024x1024.png 1024w, https:\/\/sgvaimudar.com.br\/wp-content\/uploads\/2025\/03\/unnamed-300x300.png 300w, https:\/\/sgvaimudar.com.br\/wp-content\/uploads\/2025\/03\/unnamed-150x150.png 150w, https:\/\/sgvaimudar.com.br\/wp-content\/uploads\/2025\/03\/unnamed-768x768.png 768w, https:\/\/sgvaimudar.com.br\/wp-content\/uploads\/2025\/03\/unnamed.png 1080w\" sizes=\"(max-width: 1024px) 100vw, 1024px\" \/><\/figure>\n\n\n\n<p>Com foco na diversidade cultural, o evento ir\u00e1 celebrar diferentes manifesta\u00e7\u00f5es art\u00edsticas, proporcionando um espa\u00e7o para novos talentos locais e para a valoriza\u00e7\u00e3o das express\u00f5es culturais da cidade. Al\u00e9m disso, a programa\u00e7\u00e3o tamb\u00e9m contar\u00e1 com atra\u00e7\u00f5es para a fam\u00edlia, com matin\u00eas especiais voltadas para as crian\u00e7as.<\/p>\n\n\n\n<figure class=\"wp-block-video\"><video height=\"1280\" style=\"aspect-ratio: 720 \/ 1280;\" width=\"720\" controls src=\"https:\/\/sgvaimudar.com.br\/wp-content\/uploads\/2025\/03\/Snapinst.app_video_AQM66kTbSUD1TFzxkGUOX4GZm3pifxu0ohVu_MqUnY8IhbD03RQAtjxbbjHPLs8T_8MIXGnJUv9zyj2_n5X-ucgPVu2fdOJcJAuI8F0.mp4\"><\/video><\/figure>\n\n\n\n<p>\u201cAo descentralizar a festa para diferentes bairros de S\u00e3o Gon\u00e7alo, estamos garantindo que todos possam participar da alegria e da diversidade do nosso carnaval. Al\u00e9m disso, as matin\u00eas para as crian\u00e7as, as atra\u00e7\u00f5es musicais e as oportunidades para os artistas locais mostram o quanto este evento \u00e9 inclusivo e fortalece a nossa identidade cultural. Nosso objetivo \u00e9 proporcionar momentos inesquec\u00edveis para todos os foli\u00f5es, ao mesmo tempo em que geramos novas oportunidades de trabalho e renda para a cidade\u201d, afirmou Julia Sobreira, secret\u00e1ria de Turismo e Cultura da Prefeitura de S\u00e3o Gon\u00e7alo.<\/p>\n\n\n\n<p>Pensando nos pequenos foli\u00f5es, a recrea\u00e7\u00e3o infantil ser\u00e1 uma atra\u00e7\u00e3o \u00e0 parte, com muitas brincadeiras e divers\u00e3o, das 17h \u00e0s 18h, nos seguintes dias e locais:<\/p>\n\n\n\n<p><strong>-01\/03\/2025 (s\u00e1bado)<\/strong><\/p>\n\n\n\n<p>Jardim Catarina \u2013 Rua Dr. Albino Imparato, em frente \u00e0 Pra\u00e7a da Lona Cultural L\u00eddia Maria da Silva.<\/p>\n\n\n\n<p>Santa Catarina \u2013 Rua Benedito Jardim, em frente ao Shopping dos Parafusos, esquina com Rua Dr. Get\u00falio Vargas.<\/p>\n\n\n\n<p><strong>-02\/03\/2025 (domingo)<\/strong><\/p>\n\n\n\n<p>Trindade \u2013 Avenida Dr. Humberto Soeiro de Carvalho, pr\u00f3ximo \u00e0 Pra\u00e7a Leonor Correa.<\/p>\n\n\n\n<p>Ita\u00fana \u2013 Estrada Concei\u00e7\u00e3o, com Avenida Trindade (Largo de Ita\u00fana ou Rodo de Ita\u00fana).<\/p>\n\n\n\n<p><strong>-03\/03\/2025 (segunda-feira)<\/strong><\/p>\n\n\n\n<p>Jardim Alc\u00e2ntara \u2013 Rua Francisco Campos, 241, esquina com Rua Valente do Couto, em frente \u00e0 pra\u00e7a do col\u00e9gio.<\/p>\n\n\n\n<p>Porto da Pedra \u2013 Rua Ab\u00edlio Jos\u00e9 de Matos, entre as Ruas Minas Gerais e Rua Manoel Marqu\u00eas.<\/p>\n\n\n\n<p><strong>-04\/03\/2025 (ter\u00e7a-feira)<\/strong><\/p>\n\n\n\n<p>Pacheco \u2013 Rua Augusto Ces\u00e1rio Dias Andr\u00e9 com Estrada do Pacheco.<\/p>\n\n\n\n<p><strong><em>S\u00e3o Gon\u00e7alo vai mudar: Not\u00edcias de S\u00e3o Gon\u00e7alo e toda regi\u00e3o.<\/em><\/strong><\/p>\n\n\n\n<figure class=\"wp-block-image size-full\"><img decoding=\"async\" width=\"317\" height=\"110\" src=\"https:\/\/sgvaimudar.com.br\/wp-content\/uploads\/2023\/08\/cropped-Logo-Provisoria-2-2.png\" alt=\"\" class=\"wp-image-2782\" srcset=\"https:\/\/sgvaimudar.com.br\/wp-content\/uploads\/2023\/08\/cropped-Logo-Provisoria-2-2.png 317w, https:\/\/sgvaimudar.com.br\/wp-content\/uploads\/2023\/08\/cropped-Logo-Provisoria-2-2-300x104.png 300w\" sizes=\"(max-width: 317px) 100vw, 317px\" \/><\/figure>\n","protected":false},"excerpt":{"rendered":"<p>Com atra\u00e7\u00f5es para todas as idades, evento promete agitar a cidade Com in\u00edcio neste s\u00e1bado (01) at\u00e9 ter\u00e7a-feira (04), o&hellip;<\/p>\n","protected":false},"author":5,"featured_media":21062,"comment_status":"open","ping_status":"open","sticky":false,"template":"","format":"standard","meta":{"fifu_image_url":"","fifu_image_alt":"","footnotes":""},"categories":[6],"tags":[47,75],"class_list":["post-21148","post","type-post","status-publish","format-standard","has-post-thumbnail","hentry","category-entretenimento","tag-rj","tag-sao-goncalo"],"_links":{"self":[{"href":"https:\/\/sgvaimudar.com.br\/index.php\/wp-json\/wp\/v2\/posts\/21148","targetHints":{"allow":["GET"]}}],"collection":[{"href":"https:\/\/sgvaimudar.com.br\/index.php\/wp-json\/wp\/v2\/posts"}],"about":[{"href":"https:\/\/sgvaimudar.com.br\/index.php\/wp-json\/wp\/v2\/types\/post"}],"author":[{"embeddable":true,"href":"https:\/\/sgvaimudar.com.br\/index.php\/wp-json\/wp\/v2\/users\/5"}],"replies":[{"embeddable":true,"href":"https:\/\/sgvaimudar.com.br\/index.php\/wp-json\/wp\/v2\/comments?post=21148"}],"version-history":[{"count":1,"href":"https:\/\/sgvaimudar.com.br\/index.php\/wp-json\/wp\/v2\/posts\/21148\/revisions"}],"predecessor-version":[{"id":21151,"href":"https:\/\/sgvaimudar.com.br\/index.php\/wp-json\/wp\/v2\/posts\/21148\/revisions\/21151"}],"wp:featuredmedia":[{"embeddable":true,"href":"https:\/\/sgvaimudar.com.br\/index.php\/wp-json\/wp\/v2\/media\/21062"}],"wp:attachment":[{"href":"https:\/\/sgvaimudar.com.br\/index.php\/wp-json\/wp\/v2\/media?parent=21148"}],"wp:term":[{"taxonomy":"category","embeddable":true,"href":"https:\/\/sgvaimudar.com.br\/index.php\/wp-json\/wp\/v2\/categories?post=21148"},{"taxonomy":"post_tag","embeddable":true,"href":"https:\/\/sgvaimudar.com.br\/index.php\/wp-json\/wp\/v2\/tags?post=21148"}],"curies":[{"name":"wp","href":"https:\/\/api.w.org\/{rel}","templated":true}]}}