{"id":21098,"date":"2025-02-28T10:59:00","date_gmt":"2025-02-28T13:59:00","guid":{"rendered":"https:\/\/sgvaimudar.com.br\/?p=21098"},"modified":"2025-02-28T08:15:21","modified_gmt":"2025-02-28T11:15:21","slug":"em-sao-joao-de-meriti-mulher-e-detida-com-moto-roubada","status":"publish","type":"post","link":"https:\/\/sgvaimudar.com.br\/index.php\/2025\/02\/28\/em-sao-joao-de-meriti-mulher-e-detida-com-moto-roubada\/","title":{"rendered":"Em S\u00e3o Jo\u00e3o de Meriti, mulher \u00e9 detida com moto roubada"},"content":{"rendered":"\n<p><em>A motocicleta possu\u00eda registro criminal h\u00e1 mais de 2 anos<\/em><\/p>\n\n\n\n<p>Uma motocicleta com registro de roubo foi recuperada pela Pol\u00edcia Rodovi\u00e1ria Federal (PRF) na noite de quarta-feira (26), na rodovia Presidente Dutra (BR-116), km 176, em S\u00e3o Jo\u00e3o de Meriti. A condutora foi detida por suspeita de recepta\u00e7\u00e3o.<\/p>\n\n\n\n<p>Por volta de 19h30, policiais rodovi\u00e1rios federais realizavam patrulhamento pela rodovia, quando visualizaram uma moto estacionada na cal\u00e7ada de forma irregular. Ao consultar a placa nos sistemas informatizados, constataram que se tratava de um ve\u00edculo roubado em novembro de 2022.<\/p>\n\n\n\n<p>Durante a fiscaliza\u00e7\u00e3o da moto, a suposta propriet\u00e1ria se aproximou e tentou ligar o ve\u00edculo para sair do local, mas foi impedida pelos agentes. Iniciou-se um fiscaliza\u00e7\u00e3o mais detalhada, sendo verificado que al\u00e9m da placa ostentada informar o registro criminal, os sinais identificadores do ve\u00edculo tamb\u00e9m estavam adulterados.<\/p>\n\n\n\n<p>Questionada sobre a proced\u00eancia da motocicleta, a mulher informou que a moto havia sido comprada pelo valor de 13 mil reais em uma loja, no bairro de Vilar dos Teles, e que foi roubada em setembro de 2022.<\/p>\n\n\n\n<p>Afirmou que na ocasi\u00e3o, foi confeccionado um registro de ocorr\u00eancia na Delegacia de Pol\u00edcia Civil e ap\u00f3s alguns dias, o ve\u00edculo foi recuperado por meios pr\u00f3prios, mas n\u00e3o foi apresentado para per\u00edcia t\u00e9cnica no \u00f3rg\u00e3o competente para ser removido o apontamento criminal dos sistemas. Ela n\u00e3o soube explicar sobre o \u00faltimo registro de ocorr\u00eancia realizado em novembro do mesmo ano.<\/p>\n\n\n\n<p>Na a\u00e7\u00e3o, os documentos de porte obrigat\u00f3rio e o comprovante da transa\u00e7\u00e3o comercial foram solicitados, por\u00e9m nada foi apresentado .<\/p>\n\n\n\n<p>A ocorr\u00eancia foi encaminhada para a 64\u00aa Delegacia de Pol\u00edcia Civil (S\u00e3o Jo\u00e3o de Meriti-RJ).<\/p>\n\n\n\n<p><strong><em>S\u00e3o Gon\u00e7alo vai mudar: Not\u00edcias de S\u00e3o Gon\u00e7alo e toda regi\u00e3o.<\/em><\/strong><\/p>\n\n\n\n<figure class=\"wp-block-image size-full\"><img decoding=\"async\" width=\"317\" height=\"110\" src=\"https:\/\/sgvaimudar.com.br\/wp-content\/uploads\/2023\/08\/cropped-Logo-Provisoria-2-2.png\" alt=\"\" class=\"wp-image-2782\" srcset=\"https:\/\/sgvaimudar.com.br\/wp-content\/uploads\/2023\/08\/cropped-Logo-Provisoria-2-2.png 317w, https:\/\/sgvaimudar.com.br\/wp-content\/uploads\/2023\/08\/cropped-Logo-Provisoria-2-2-300x104.png 300w\" sizes=\"(max-width: 317px) 100vw, 317px\" \/><\/figure>\n","protected":false},"excerpt":{"rendered":"<p>A motocicleta possu\u00eda registro criminal h\u00e1 mais de 2 anos Uma motocicleta com registro de roubo foi recuperada pela Pol\u00edcia&hellip;<\/p>\n","protected":false},"author":5,"featured_media":21099,"comment_status":"open","ping_status":"open","sticky":false,"template":"","format":"standard","meta":{"fifu_image_url":"","fifu_image_alt":"","footnotes":""},"categories":[32],"tags":[47],"class_list":["post-21098","post","type-post","status-publish","format-standard","has-post-thumbnail","hentry","category-casos-de-policia","tag-rj"],"_links":{"self":[{"href":"https:\/\/sgvaimudar.com.br\/index.php\/wp-json\/wp\/v2\/posts\/21098","targetHints":{"allow":["GET"]}}],"collection":[{"href":"https:\/\/sgvaimudar.com.br\/index.php\/wp-json\/wp\/v2\/posts"}],"about":[{"href":"https:\/\/sgvaimudar.com.br\/index.php\/wp-json\/wp\/v2\/types\/post"}],"author":[{"embeddable":true,"href":"https:\/\/sgvaimudar.com.br\/index.php\/wp-json\/wp\/v2\/users\/5"}],"replies":[{"embeddable":true,"href":"https:\/\/sgvaimudar.com.br\/index.php\/wp-json\/wp\/v2\/comments?post=21098"}],"version-history":[{"count":1,"href":"https:\/\/sgvaimudar.com.br\/index.php\/wp-json\/wp\/v2\/posts\/21098\/revisions"}],"predecessor-version":[{"id":21100,"href":"https:\/\/sgvaimudar.com.br\/index.php\/wp-json\/wp\/v2\/posts\/21098\/revisions\/21100"}],"wp:featuredmedia":[{"embeddable":true,"href":"https:\/\/sgvaimudar.com.br\/index.php\/wp-json\/wp\/v2\/media\/21099"}],"wp:attachment":[{"href":"https:\/\/sgvaimudar.com.br\/index.php\/wp-json\/wp\/v2\/media?parent=21098"}],"wp:term":[{"taxonomy":"category","embeddable":true,"href":"https:\/\/sgvaimudar.com.br\/index.php\/wp-json\/wp\/v2\/categories?post=21098"},{"taxonomy":"post_tag","embeddable":true,"href":"https:\/\/sgvaimudar.com.br\/index.php\/wp-json\/wp\/v2\/tags?post=21098"}],"curies":[{"name":"wp","href":"https:\/\/api.w.org\/{rel}","templated":true}]}}