{"id":21061,"date":"2025-02-28T06:56:10","date_gmt":"2025-02-28T09:56:10","guid":{"rendered":"https:\/\/sgvaimudar.com.br\/?p=21061"},"modified":"2025-02-28T06:56:11","modified_gmt":"2025-02-28T09:56:11","slug":"palcos-do-carnaval-raiz-2025-comecam-a-ser-montados-em-sao-goncalo","status":"publish","type":"post","link":"https:\/\/sgvaimudar.com.br\/index.php\/2025\/02\/28\/palcos-do-carnaval-raiz-2025-comecam-a-ser-montados-em-sao-goncalo\/","title":{"rendered":"Palcos do Carnaval Raiz 2025 come\u00e7am a ser montados em S\u00e3o Gon\u00e7alo"},"content":{"rendered":"\n<p><em>Folia gon\u00e7alense vai acontecer de s\u00e1bado (1) a ter\u00e7a-feira (4)<\/em><\/p>\n\n\n\n<p>O Carnaval Raiz est\u00e1 chegando e, nesta quinta-feira (27), os palcos come\u00e7aram a ser montados em v\u00e1rios pontos da cidade. A folia em S\u00e3o Gon\u00e7alo vai acontecer entre s\u00e1bado (1) e ter\u00e7a-feira (4) em sete bairros: Pacheco, Trindade, Jardim Catarina, Santa Catarina, Jardim Alc\u00e2ntara, Ita\u00fana e Porto da Pedra.<\/p>\n\n\n\n<p>Com muita anima\u00e7\u00e3o e diversidade cultural, os gon\u00e7alenses poder\u00e3o curtir a folia com toda a fam\u00edlia. Os palcos v\u00e3o receber bandas, baterias de escolas de samba e DJs. Em todos os sete bairros, a festa come\u00e7a a partir das 17h.<\/p>\n\n\n\n<p>O Carnaval Raiz ter\u00e1 matin\u00eas programadas em diferentes dias, com recrea\u00e7\u00e3o e brincadeiras para as crian\u00e7as, das 17h \u00e0s 18h.<\/p>\n\n\n\n<p><strong>Endere\u00e7os dos palcos:<\/strong><\/p>\n\n\n\n<p>. Pacheco &#8211; Rua Augusto Ces\u00e1rio Dias Andr\u00e9 com Estrada do Pacheco.<\/p>\n\n\n\n<p>. Trindade &#8211; Avenida Dr. Humberto Soeiro de Carvalho, pr\u00f3ximo \u00e0 Pra\u00e7a Leonor Correa.<\/p>\n\n\n\n<p>. Jardim Catarina &#8211; Rua Dr. Albino Imparato, em frente \u00e0 pra\u00e7a da Lona Cultural L\u00eddia Maria da Silva.<\/p>\n\n\n\n<p>. Santa Catarina &#8211; Rua Benedito Jardim, em frente ao Shopping dos Parafusos, esquina com a Rua Dr. Get\u00falio Vargas.<\/p>\n\n\n\n<p>.\u00a0Jardim Alc\u00e2ntara &#8211; Rua Francisco Campos, 241, esquina com Rua Valente do Couto.<\/p>\n\n\n\n<p>. Ita\u00fana &#8211; Estrada Concei\u00e7\u00e3o, com Avenida Trindade, conhecido como Largo de Ita\u00fana.<\/p>\n\n\n\n<p>. Porto da Pedra &#8211; Rua Ab\u00edlio Jos\u00e9 de Matos, trecho compreendido entre a Rua Minas Gerais e Rua Manoel Marqu\u00eas.<\/p>\n\n\n\n<p><strong>Locais e dias das matin\u00eas:<\/strong><\/p>\n\n\n\n<p>. 1\u00ba de mar\u00e7o (s\u00e1bado) \u2013 Jardim Catarina e Santa Catarina<\/p>\n\n\n\n<p>. 2 de mar\u00e7o (domingo) \u2013 Trindade e Ita\u00fana<\/p>\n\n\n\n<p>. 3 de mar\u00e7o (segunda) \u2013 Jardim Alc\u00e2ntara e Porto da Pedra<\/p>\n\n\n\n<p>. 4 de mar\u00e7o (ter\u00e7a) \u2013 Pacheco&nbsp;<\/p>\n\n\n\n<p><em>Fotos: Ascom<\/em><\/p>\n\n\n\n<p><strong><em>S\u00e3o Gon\u00e7alo vai mudar: Not\u00edcias de S\u00e3o Gon\u00e7alo e toda regi\u00e3o.<\/em><\/strong><\/p>\n\n\n\n<figure class=\"wp-block-image size-full\"><img decoding=\"async\" width=\"317\" height=\"110\" src=\"https:\/\/sgvaimudar.com.br\/wp-content\/uploads\/2023\/08\/cropped-Logo-Provisoria-2-2.png\" alt=\"\" class=\"wp-image-2782\" srcset=\"https:\/\/sgvaimudar.com.br\/wp-content\/uploads\/2023\/08\/cropped-Logo-Provisoria-2-2.png 317w, https:\/\/sgvaimudar.com.br\/wp-content\/uploads\/2023\/08\/cropped-Logo-Provisoria-2-2-300x104.png 300w\" sizes=\"(max-width: 317px) 100vw, 317px\" \/><\/figure>\n","protected":false},"excerpt":{"rendered":"<p>Folia gon\u00e7alense vai acontecer de s\u00e1bado (1) a ter\u00e7a-feira (4) O Carnaval Raiz est\u00e1 chegando e, nesta quinta-feira (27), os&hellip;<\/p>\n","protected":false},"author":5,"featured_media":21062,"comment_status":"open","ping_status":"open","sticky":false,"template":"","format":"standard","meta":{"fifu_image_url":"","fifu_image_alt":"","footnotes":""},"categories":[6],"tags":[47,75],"class_list":["post-21061","post","type-post","status-publish","format-standard","has-post-thumbnail","hentry","category-entretenimento","tag-rj","tag-sao-goncalo"],"_links":{"self":[{"href":"https:\/\/sgvaimudar.com.br\/index.php\/wp-json\/wp\/v2\/posts\/21061","targetHints":{"allow":["GET"]}}],"collection":[{"href":"https:\/\/sgvaimudar.com.br\/index.php\/wp-json\/wp\/v2\/posts"}],"about":[{"href":"https:\/\/sgvaimudar.com.br\/index.php\/wp-json\/wp\/v2\/types\/post"}],"author":[{"embeddable":true,"href":"https:\/\/sgvaimudar.com.br\/index.php\/wp-json\/wp\/v2\/users\/5"}],"replies":[{"embeddable":true,"href":"https:\/\/sgvaimudar.com.br\/index.php\/wp-json\/wp\/v2\/comments?post=21061"}],"version-history":[{"count":1,"href":"https:\/\/sgvaimudar.com.br\/index.php\/wp-json\/wp\/v2\/posts\/21061\/revisions"}],"predecessor-version":[{"id":21063,"href":"https:\/\/sgvaimudar.com.br\/index.php\/wp-json\/wp\/v2\/posts\/21061\/revisions\/21063"}],"wp:featuredmedia":[{"embeddable":true,"href":"https:\/\/sgvaimudar.com.br\/index.php\/wp-json\/wp\/v2\/media\/21062"}],"wp:attachment":[{"href":"https:\/\/sgvaimudar.com.br\/index.php\/wp-json\/wp\/v2\/media?parent=21061"}],"wp:term":[{"taxonomy":"category","embeddable":true,"href":"https:\/\/sgvaimudar.com.br\/index.php\/wp-json\/wp\/v2\/categories?post=21061"},{"taxonomy":"post_tag","embeddable":true,"href":"https:\/\/sgvaimudar.com.br\/index.php\/wp-json\/wp\/v2\/tags?post=21061"}],"curies":[{"name":"wp","href":"https:\/\/api.w.org\/{rel}","templated":true}]}}