{"id":21049,"date":"2025-02-27T19:00:00","date_gmt":"2025-02-27T22:00:00","guid":{"rendered":"https:\/\/sgvaimudar.com.br\/?p=21049"},"modified":"2025-02-28T08:30:35","modified_gmt":"2025-02-28T11:30:35","slug":"parlamentares-de-diferentes-esferas-se-juntam-para-propor-politicas-publicas-contra-o-calor-extremo","status":"publish","type":"post","link":"https:\/\/sgvaimudar.com.br\/index.php\/2025\/02\/27\/parlamentares-de-diferentes-esferas-se-juntam-para-propor-politicas-publicas-contra-o-calor-extremo\/","title":{"rendered":"Parlamentares de diferentes esferas se juntam para propor pol\u00edticas p\u00fablicas contra o calor extremo"},"content":{"rendered":"\n<p><em>Entre as propostas do documento est\u00e3o a instala\u00e7\u00e3o de bebedouros p\u00fablicos em pra\u00e7as<\/em><\/p>\n\n\n\n<p>As temperaturas elevadas e os riscos \u00e0 sa\u00fade humana gera rea\u00e7\u00e3o dentro das casas legislativas. Um grupo de parlamentares se juntou para lan\u00e7ar um abaixo-assinado e uma campanha de rua cobrando pol\u00edticas p\u00fablicas de combate ao calor extremo e de enfrentamento a crise clim\u00e1tica.<\/p>\n\n\n\n<p>Entre as propostas do documento est\u00e3o a instala\u00e7\u00e3o de bebedouros p\u00fablicos em pra\u00e7as, pontos de \u00f4nibus e locais de grande circula\u00e7\u00e3o; a garantia de fornecimento regular de \u00e1gua e energia el\u00e9trica em todas as casas, especialmente nas favelas e periferias que s\u00e3o as regi\u00f5es da cidade que mais sofrem com a precariedade desses servi\u00e7os essenciais; a amplia\u00e7\u00e3o da arboriza\u00e7\u00e3o urbana, garantindo mais sombra e conforto t\u00e9rmico para a popula\u00e7\u00e3o.<\/p>\n\n\n\n<p>Tamb\u00e9m est\u00e1:  a cria\u00e7\u00e3o de pol\u00edticas de resfriamento urbano, como telhados e paredes verdes, corredores de ventila\u00e7\u00e3o e espa\u00e7os p\u00fablicos climatizados; a constru\u00e7\u00e3o e manuten\u00e7\u00e3o de infraestruturas de \u00e1gua e sombra em comunidades perif\u00e9ricas, que s\u00e3o as mais afetadas pelo calor excessivo; a climatiza\u00e7\u00e3o adequada de todos os transportes p\u00fablicos, especialmente, \u00f4nibus, barcas, trens e metr\u00f4; e a climatiza\u00e7\u00e3o de equipamentos p\u00fablicos como escolas, hospitais, CRAS, entre outros. <\/p>\n\n\n\n<p>Essa articula\u00e7\u00e3o parlamentar \u00e9 promovida pelos mandatos do deputado estadual Flavio Serafini, da deputada federal Tal\u00edria Petrone e dos vereadores William Siri (Rio de Janeiro) e professor T\u00falio (Niter\u00f3i).<\/p>\n\n\n\n<figure class=\"wp-block-image size-large\"><img fetchpriority=\"high\" decoding=\"async\" width=\"1024\" height=\"577\" src=\"https:\/\/sgvaimudar.com.br\/wp-content\/uploads\/2025\/02\/WhatsApp-Image-2025-02-28-at-07.00.10-1024x577.jpeg\" alt=\"\" class=\"wp-image-21103\" srcset=\"https:\/\/sgvaimudar.com.br\/wp-content\/uploads\/2025\/02\/WhatsApp-Image-2025-02-28-at-07.00.10-1024x577.jpeg 1024w, https:\/\/sgvaimudar.com.br\/wp-content\/uploads\/2025\/02\/WhatsApp-Image-2025-02-28-at-07.00.10-300x169.jpeg 300w, https:\/\/sgvaimudar.com.br\/wp-content\/uploads\/2025\/02\/WhatsApp-Image-2025-02-28-at-07.00.10-768x432.jpeg 768w, https:\/\/sgvaimudar.com.br\/wp-content\/uploads\/2025\/02\/WhatsApp-Image-2025-02-28-at-07.00.10-1536x865.jpeg 1536w, https:\/\/sgvaimudar.com.br\/wp-content\/uploads\/2025\/02\/WhatsApp-Image-2025-02-28-at-07.00.10-2048x1153.jpeg 2048w\" sizes=\"(max-width: 1024px) 100vw, 1024px\" \/><\/figure>\n\n\n\n<p>A campanha de rua em torno da campanha teve in\u00edcio na tarde de ter\u00e7a-feira com uma tenda no centro do Rio, na esquina da Rio Branco com Nilo Pe\u00e7anha, pr\u00f3ximo a Carioca. Na atividade ser\u00e3o distribu\u00eddos copos de \u00e1gua gelada para atenuar o calor, leques e panfletos informativos. No espa\u00e7o tamb\u00e9m ser\u00e1 recolhida assinaturas de ades\u00e3o ao abaixo-assinado por pol\u00edticas p\u00fablicas contra o calor extremo.<\/p>\n\n\n\n<p><strong><em>S\u00e3o Gon\u00e7alo vai mudar: Not\u00edcias de S\u00e3o Gon\u00e7alo e toda regi\u00e3o.<\/em><\/strong><\/p>\n\n\n\n<figure class=\"wp-block-image size-full\"><img decoding=\"async\" width=\"317\" height=\"110\" src=\"https:\/\/sgvaimudar.com.br\/wp-content\/uploads\/2023\/08\/cropped-Logo-Provisoria-2-2.png\" alt=\"\" class=\"wp-image-2782\" srcset=\"https:\/\/sgvaimudar.com.br\/wp-content\/uploads\/2023\/08\/cropped-Logo-Provisoria-2-2.png 317w, https:\/\/sgvaimudar.com.br\/wp-content\/uploads\/2023\/08\/cropped-Logo-Provisoria-2-2-300x104.png 300w\" sizes=\"(max-width: 317px) 100vw, 317px\" \/><\/figure>\n","protected":false},"excerpt":{"rendered":"<p>Entre as propostas do documento est\u00e3o a instala\u00e7\u00e3o de bebedouros p\u00fablicos em pra\u00e7as As temperaturas elevadas e os riscos \u00e0&hellip;<\/p>\n","protected":false},"author":5,"featured_media":21102,"comment_status":"open","ping_status":"open","sticky":false,"template":"","format":"standard","meta":{"fifu_image_url":"","fifu_image_alt":"","footnotes":""},"categories":[4],"tags":[47],"class_list":["post-21049","post","type-post","status-publish","format-standard","has-post-thumbnail","hentry","category-brasil","tag-rj"],"_links":{"self":[{"href":"https:\/\/sgvaimudar.com.br\/index.php\/wp-json\/wp\/v2\/posts\/21049","targetHints":{"allow":["GET"]}}],"collection":[{"href":"https:\/\/sgvaimudar.com.br\/index.php\/wp-json\/wp\/v2\/posts"}],"about":[{"href":"https:\/\/sgvaimudar.com.br\/index.php\/wp-json\/wp\/v2\/types\/post"}],"author":[{"embeddable":true,"href":"https:\/\/sgvaimudar.com.br\/index.php\/wp-json\/wp\/v2\/users\/5"}],"replies":[{"embeddable":true,"href":"https:\/\/sgvaimudar.com.br\/index.php\/wp-json\/wp\/v2\/comments?post=21049"}],"version-history":[{"count":3,"href":"https:\/\/sgvaimudar.com.br\/index.php\/wp-json\/wp\/v2\/posts\/21049\/revisions"}],"predecessor-version":[{"id":21105,"href":"https:\/\/sgvaimudar.com.br\/index.php\/wp-json\/wp\/v2\/posts\/21049\/revisions\/21105"}],"wp:featuredmedia":[{"embeddable":true,"href":"https:\/\/sgvaimudar.com.br\/index.php\/wp-json\/wp\/v2\/media\/21102"}],"wp:attachment":[{"href":"https:\/\/sgvaimudar.com.br\/index.php\/wp-json\/wp\/v2\/media?parent=21049"}],"wp:term":[{"taxonomy":"category","embeddable":true,"href":"https:\/\/sgvaimudar.com.br\/index.php\/wp-json\/wp\/v2\/categories?post=21049"},{"taxonomy":"post_tag","embeddable":true,"href":"https:\/\/sgvaimudar.com.br\/index.php\/wp-json\/wp\/v2\/tags?post=21049"}],"curies":[{"name":"wp","href":"https:\/\/api.w.org\/{rel}","templated":true}]}}