{"id":21018,"date":"2025-02-27T11:00:00","date_gmt":"2025-02-27T14:00:00","guid":{"rendered":"https:\/\/sgvaimudar.com.br\/?p=21018"},"modified":"2025-02-27T10:41:13","modified_gmt":"2025-02-27T13:41:13","slug":"prefeitura-oferece-vagas-de-emprego-na-quarta-edicao-de-2025-do-oportunidades","status":"publish","type":"post","link":"https:\/\/sgvaimudar.com.br\/index.php\/2025\/02\/27\/prefeitura-oferece-vagas-de-emprego-na-quarta-edicao-de-2025-do-oportunidades\/","title":{"rendered":"Prefeitura oferece vagas de emprego na quarta edi\u00e7\u00e3o de 2025 do Oportunidades"},"content":{"rendered":"\n<p><em>A\u00e7\u00e3o no Partage Shopping<\/em>\u00a0<em>reuniu gon\u00e7alenses em busca de trabalho<\/em><\/p>\n\n\n\n<p>Dezenas de gon\u00e7alenses estiveram, nesta manh\u00e3 de quarta-feira (26), no Sine, no G3 do Partage Shopping, no Centro, para participar de mais uma edi\u00e7\u00e3o do Programa Oportunidades. Realizado pela Secretaria de Desenvolvimento Econ\u00f4mico da Prefeitura de S\u00e3o Gon\u00e7alo, atrav\u00e9s da Subsecretaria de Trabalho e em parceria com o Sistema Nacional de Emprego (Sine), o programa ofereceu mais de 110 vagas de emprego para os mais diversos gon\u00e7alenses.&nbsp;<\/p>\n\n\n\n<p>Esta \u00e9 a quarta edi\u00e7\u00e3o do programa no ano de 2025. Duas edi\u00e7\u00f5es ocorreram em janeiro e uma terceira aconteceu neste m\u00eas de fevereiro, no P\u00e1tio Alc\u00e2ntara.\u00a0<\/p>\n\n\n\n<figure class=\"wp-block-image size-full\"><img fetchpriority=\"high\" decoding=\"async\" width=\"1024\" height=\"668\" src=\"https:\/\/sgvaimudar.com.br\/wp-content\/uploads\/2025\/02\/unnamed-1-23.jpg\" alt=\"\" class=\"wp-image-21019\" srcset=\"https:\/\/sgvaimudar.com.br\/wp-content\/uploads\/2025\/02\/unnamed-1-23.jpg 1024w, https:\/\/sgvaimudar.com.br\/wp-content\/uploads\/2025\/02\/unnamed-1-23-300x196.jpg 300w, https:\/\/sgvaimudar.com.br\/wp-content\/uploads\/2025\/02\/unnamed-1-23-768x501.jpg 768w\" sizes=\"(max-width: 1024px) 100vw, 1024px\" \/><\/figure>\n\n\n\n<p>A a\u00e7\u00e3o facilita o acesso da popula\u00e7\u00e3o aos servi\u00e7os da Casa do Empreendedor e do Sistema Nacional de Emprego (Sine). Durante a realiza\u00e7\u00e3o do programa, s\u00e3o feitos encaminhamentos para vagas de emprego e as pessoas conseguem atendimento para servi\u00e7os relacionados ao Microempreendedor Individual (MEI), como regulariza\u00e7\u00e3o de d\u00e9bitos, inscri\u00e7\u00e3o municipal e cadastros.<\/p>\n\n\n\n<p>O secret\u00e1rio de Desenvolvimento Econ\u00f4mico, Evanildo Barreto, destacou que a realiza\u00e7\u00e3o do programa tem sido um sucesso.<\/p>\n\n\n\n<p>\u201cNesse in\u00edcio de ano, fizemos duas edi\u00e7\u00f5es do Oportunidades por m\u00eas. Tem sido promissor. Estamos vivendo um ambiente de neg\u00f3cios na cidade muito interessante para o empres\u00e1rio. Com uma mobilidade urbana melhor, al\u00e9m de melhor ilumina\u00e7\u00e3o p\u00fablica, o que ajuda na seguran\u00e7a, atra\u00edmos empresas para a cidade. Sob orienta\u00e7\u00e3o do prefeito Capit\u00e3o Nelson, estamos levando a secretaria e o Sine para que as empresas conhe\u00e7am as ferramentas que temos para a formaliza\u00e7\u00e3o do neg\u00f3cio e para o recrutamento de sele\u00e7\u00e3o da m\u00e3o de obra gon\u00e7alense&#8221;, explicou.<\/p>\n\n\n\n<p>Segundo o secret\u00e1rio, S\u00e3o Gon\u00e7alo tem muita m\u00e3o de obra dispon\u00edvel e a Prefeitura est\u00e1 buscando, atrav\u00e9s de conv\u00eanios, a capacita\u00e7\u00e3o dessas pessoas, o que impulsiona mais vagas de emprego na cidade, retendo retendo tamb\u00e9m a m\u00e3o de obra no pr\u00f3prio munic\u00edpio.&nbsp;<\/p>\n\n\n\n<p>No Oportunidades, os gon\u00e7alenses realizam seu cadastro. Caso tenha alguma vaga que se enquadre no perfil deles, eles recebem cartas de encaminhamento.&nbsp;<\/p>\n\n\n\n<p>Maria Kwany Cavalcanti, de 21 anos, participou do programa pela primeira vez nesta quarta-feira (26). Ela est\u00e1 buscando uma chance na \u00e1rea de vendas, onde j\u00e1 tem experi\u00eancia.&nbsp;<\/p>\n\n\n\n<p>\u201cEu soube do Oportunidades pelas redes sociais da Prefeitura e vim aqui hoje. Foi a primeira vez que eu vim, me cadastrei e, apesar de n\u00e3o ter a vaga que eu procuro, eu estou esperan\u00e7osa de ser chamada para quando surgir uma vaga que se enquadre no meu perfil. Eu fui muito bem atendida pelos funcion\u00e1rio daqui\u201d, destacou.<\/p>\n\n\n\n<p><em>Fotos: Luiz Carvalho<\/em><\/p>\n\n\n\n<p><strong><em>S\u00e3o Gon\u00e7alo vai mudar: Not\u00edcias de S\u00e3o Gon\u00e7alo e toda regi\u00e3o.<\/em><\/strong><\/p>\n\n\n\n<figure class=\"wp-block-image size-full\"><img decoding=\"async\" width=\"317\" height=\"110\" src=\"https:\/\/sgvaimudar.com.br\/wp-content\/uploads\/2023\/08\/cropped-Logo-Provisoria-2-2.png\" alt=\"\" class=\"wp-image-2782\" srcset=\"https:\/\/sgvaimudar.com.br\/wp-content\/uploads\/2023\/08\/cropped-Logo-Provisoria-2-2.png 317w, https:\/\/sgvaimudar.com.br\/wp-content\/uploads\/2023\/08\/cropped-Logo-Provisoria-2-2-300x104.png 300w\" sizes=\"(max-width: 317px) 100vw, 317px\" \/><\/figure>\n","protected":false},"excerpt":{"rendered":"<p>A\u00e7\u00e3o no Partage Shopping\u00a0reuniu gon\u00e7alenses em busca de trabalho Dezenas de gon\u00e7alenses estiveram, nesta manh\u00e3 de quarta-feira (26), no Sine,&hellip;<\/p>\n","protected":false},"author":5,"featured_media":21020,"comment_status":"open","ping_status":"open","sticky":false,"template":"","format":"standard","meta":{"fifu_image_url":"","fifu_image_alt":"","footnotes":""},"categories":[3],"tags":[47,75],"class_list":["post-21018","post","type-post","status-publish","format-standard","has-post-thumbnail","hentry","category-sao-goncalo","tag-rj","tag-sao-goncalo"],"_links":{"self":[{"href":"https:\/\/sgvaimudar.com.br\/index.php\/wp-json\/wp\/v2\/posts\/21018","targetHints":{"allow":["GET"]}}],"collection":[{"href":"https:\/\/sgvaimudar.com.br\/index.php\/wp-json\/wp\/v2\/posts"}],"about":[{"href":"https:\/\/sgvaimudar.com.br\/index.php\/wp-json\/wp\/v2\/types\/post"}],"author":[{"embeddable":true,"href":"https:\/\/sgvaimudar.com.br\/index.php\/wp-json\/wp\/v2\/users\/5"}],"replies":[{"embeddable":true,"href":"https:\/\/sgvaimudar.com.br\/index.php\/wp-json\/wp\/v2\/comments?post=21018"}],"version-history":[{"count":1,"href":"https:\/\/sgvaimudar.com.br\/index.php\/wp-json\/wp\/v2\/posts\/21018\/revisions"}],"predecessor-version":[{"id":21021,"href":"https:\/\/sgvaimudar.com.br\/index.php\/wp-json\/wp\/v2\/posts\/21018\/revisions\/21021"}],"wp:featuredmedia":[{"embeddable":true,"href":"https:\/\/sgvaimudar.com.br\/index.php\/wp-json\/wp\/v2\/media\/21020"}],"wp:attachment":[{"href":"https:\/\/sgvaimudar.com.br\/index.php\/wp-json\/wp\/v2\/media?parent=21018"}],"wp:term":[{"taxonomy":"category","embeddable":true,"href":"https:\/\/sgvaimudar.com.br\/index.php\/wp-json\/wp\/v2\/categories?post=21018"},{"taxonomy":"post_tag","embeddable":true,"href":"https:\/\/sgvaimudar.com.br\/index.php\/wp-json\/wp\/v2\/tags?post=21018"}],"curies":[{"name":"wp","href":"https:\/\/api.w.org\/{rel}","templated":true}]}}