{"id":20992,"date":"2025-02-27T09:00:00","date_gmt":"2025-02-27T12:00:00","guid":{"rendered":"https:\/\/sgvaimudar.com.br\/?p=20992"},"modified":"2025-02-27T08:02:19","modified_gmt":"2025-02-27T11:02:19","slug":"restaurante-do-povo-abre-na-segunda-de-carnaval-e-na-quarta-de-cinzas","status":"publish","type":"post","link":"https:\/\/sgvaimudar.com.br\/index.php\/2025\/02\/27\/restaurante-do-povo-abre-na-segunda-de-carnaval-e-na-quarta-de-cinzas\/","title":{"rendered":"Restaurante do Povo abre na segunda de Carnaval e na Quarta de Cinzas"},"content":{"rendered":"\n<p><em>Local estar\u00e1 fechado somente no feriado da ter\u00e7a-feira (4)<\/em><\/p>\n\n\n\n<p>O Restaurante do Povo, em Alc\u00e2ntara, vai funcionar normalmente na semana de carnaval, exceto na ter\u00e7a-feira, dia 4, feriado. A unidade vai oferecer refei\u00e7\u00f5es \u00e0 popula\u00e7\u00e3o na segunda-feira (3) e na Quarta-feira de Cinzas. E tamb\u00e9m abre na quinta e sexta-feiras (6 e 7).<\/p>\n\n\n\n<p>O restaurante funciona de segunda a sexta-feira e oferece caf\u00e9 da manh\u00e3, das 7h \u00e0s 9h e almo\u00e7o, das 11h \u00e0s 15h. As refei\u00e7\u00f5es possuem um pre\u00e7o simb\u00f3lico, sendo o caf\u00e9 da manh\u00e3 R$ 0,50 e o almo\u00e7o R$1,00. Pessoas com defici\u00eancia e idosos a partir de 60 anos t\u00eam direito \u00e0 gratuidade.<\/p>\n\n\n\n<p>No intuito de reduzir a fome e a inseguran\u00e7a alimentar e nutricional da popula\u00e7\u00e3o, o equipamento tem capacidade de servir at\u00e9 3 mil refei\u00e7\u00f5es por dia. Desde dezembro de 2022 a fevereiro deste ano, mais de 1,4 milh\u00e3o de refei\u00e7\u00f5es foram fornecidas aos gon\u00e7alenses.&nbsp;<\/p>\n\n\n\n<p>O equipamento \u00e9 fruto de uma parceria entre a Prefeitura de S\u00e3o Gon\u00e7alo \u2013 que elaborou o projeto de implanta\u00e7\u00e3o do Restaurante do Povo na cidade atrav\u00e9s da Secretaria de Gest\u00e3o Integrada e Projetos Especiais (Semgipe) \u2013 com a Secretaria de Desenvolvimento Social e Direitos Humanos do Governo do Estado do Rio de Janeiro.<\/p>\n\n\n\n<p><strong>Sevi\u00e7o<\/strong>:<\/p>\n\n\n\n<p>O Restaurante do Povo fica na Rua S\u00e3o Pedro de Alc\u00e2ntara s\/n (atr\u00e1s do P\u00e1tio Alc\u00e2ntara, na rua da Igreja S\u00e3o Pedro).&nbsp;<\/p>\n\n\n\n<p><em>Foto: Ascom<\/em><\/p>\n\n\n\n<p><strong><em>S\u00e3o Gon\u00e7alo vai mudar: Not\u00edcias de S\u00e3o Gon\u00e7alo e toda regi\u00e3o.<\/em><\/strong><\/p>\n\n\n\n<figure class=\"wp-block-image size-full\"><img decoding=\"async\" width=\"317\" height=\"110\" src=\"https:\/\/sgvaimudar.com.br\/wp-content\/uploads\/2023\/08\/cropped-Logo-Provisoria-2-2.png\" alt=\"\" class=\"wp-image-2782\" srcset=\"https:\/\/sgvaimudar.com.br\/wp-content\/uploads\/2023\/08\/cropped-Logo-Provisoria-2-2.png 317w, https:\/\/sgvaimudar.com.br\/wp-content\/uploads\/2023\/08\/cropped-Logo-Provisoria-2-2-300x104.png 300w\" sizes=\"(max-width: 317px) 100vw, 317px\" \/><\/figure>\n","protected":false},"excerpt":{"rendered":"<p>Local estar\u00e1 fechado somente no feriado da ter\u00e7a-feira (4) O Restaurante do Povo, em Alc\u00e2ntara, vai funcionar normalmente na semana&hellip;<\/p>\n","protected":false},"author":5,"featured_media":20993,"comment_status":"open","ping_status":"open","sticky":false,"template":"","format":"standard","meta":{"fifu_image_url":"","fifu_image_alt":"","footnotes":""},"categories":[3],"tags":[47,75],"class_list":["post-20992","post","type-post","status-publish","format-standard","has-post-thumbnail","hentry","category-sao-goncalo","tag-rj","tag-sao-goncalo"],"_links":{"self":[{"href":"https:\/\/sgvaimudar.com.br\/index.php\/wp-json\/wp\/v2\/posts\/20992","targetHints":{"allow":["GET"]}}],"collection":[{"href":"https:\/\/sgvaimudar.com.br\/index.php\/wp-json\/wp\/v2\/posts"}],"about":[{"href":"https:\/\/sgvaimudar.com.br\/index.php\/wp-json\/wp\/v2\/types\/post"}],"author":[{"embeddable":true,"href":"https:\/\/sgvaimudar.com.br\/index.php\/wp-json\/wp\/v2\/users\/5"}],"replies":[{"embeddable":true,"href":"https:\/\/sgvaimudar.com.br\/index.php\/wp-json\/wp\/v2\/comments?post=20992"}],"version-history":[{"count":1,"href":"https:\/\/sgvaimudar.com.br\/index.php\/wp-json\/wp\/v2\/posts\/20992\/revisions"}],"predecessor-version":[{"id":20994,"href":"https:\/\/sgvaimudar.com.br\/index.php\/wp-json\/wp\/v2\/posts\/20992\/revisions\/20994"}],"wp:featuredmedia":[{"embeddable":true,"href":"https:\/\/sgvaimudar.com.br\/index.php\/wp-json\/wp\/v2\/media\/20993"}],"wp:attachment":[{"href":"https:\/\/sgvaimudar.com.br\/index.php\/wp-json\/wp\/v2\/media?parent=20992"}],"wp:term":[{"taxonomy":"category","embeddable":true,"href":"https:\/\/sgvaimudar.com.br\/index.php\/wp-json\/wp\/v2\/categories?post=20992"},{"taxonomy":"post_tag","embeddable":true,"href":"https:\/\/sgvaimudar.com.br\/index.php\/wp-json\/wp\/v2\/tags?post=20992"}],"curies":[{"name":"wp","href":"https:\/\/api.w.org\/{rel}","templated":true}]}}