{"id":20985,"date":"2025-02-27T07:32:50","date_gmt":"2025-02-27T10:32:50","guid":{"rendered":"https:\/\/sgvaimudar.com.br\/?p=20985"},"modified":"2025-02-27T07:32:50","modified_gmt":"2025-02-27T10:32:50","slug":"goncalenses-ganham-sala-de-recursos-da-educacao-infantil","status":"publish","type":"post","link":"https:\/\/sgvaimudar.com.br\/index.php\/2025\/02\/27\/goncalenses-ganham-sala-de-recursos-da-educacao-infantil\/","title":{"rendered":"Gon\u00e7alenses ganham sala de recursos da Educa\u00e7\u00e3o Infantil"},"content":{"rendered":"\n<p><em>Ambiente oferece ferramentas e jogos pedag\u00f3gicos para estimular os alunos<\/em><\/p>\n\n\n\n<p>Com o objetivo de desenvolver as potencialidades dos alunos com defici\u00eancia, a Umei Margarida Maria Garcia de Ara\u00fajo, na Venda da Cruz, inaugurou, nesta quarta-feira (26), a Sala de Recursos Professora M\u00e1rcia Zol\u00e2ndia Gomes da Paix\u00e3o de Oliveira. O ambiente acolhedor conta com diversas ferramentas e jogos pedag\u00f3gicos para estimular a aprendizagem os alunos.<\/p>\n\n\n\n<p>A sala vai atender, no contraturno escolar, aos 11 alunos j\u00e1 laudados e a 10 que ainda est\u00e3o em investiga\u00e7\u00e3o. O nome da sala foi uma homenagem \u00e0 professora da rede municipal de S\u00e3o Gon\u00e7alo, falecida em 2023, que tanto contribuiu para a Educa\u00e7\u00e3o da cidade.<\/p>\n\n\n\n<figure class=\"wp-block-image size-large\"><img fetchpriority=\"high\" decoding=\"async\" width=\"1024\" height=\"684\" src=\"https:\/\/sgvaimudar.com.br\/wp-content\/uploads\/2025\/02\/unnamed-1-22-1024x684.jpg\" alt=\"\" class=\"wp-image-20986\" srcset=\"https:\/\/sgvaimudar.com.br\/wp-content\/uploads\/2025\/02\/unnamed-1-22-1024x684.jpg 1024w, https:\/\/sgvaimudar.com.br\/wp-content\/uploads\/2025\/02\/unnamed-1-22-300x200.jpg 300w, https:\/\/sgvaimudar.com.br\/wp-content\/uploads\/2025\/02\/unnamed-1-22-768x513.jpg 768w, https:\/\/sgvaimudar.com.br\/wp-content\/uploads\/2025\/02\/unnamed-1-22-1536x1027.jpg 1536w, https:\/\/sgvaimudar.com.br\/wp-content\/uploads\/2025\/02\/unnamed-1-22.jpg 1616w\" sizes=\"(max-width: 1024px) 100vw, 1024px\" \/><\/figure>\n\n\n\n<p>\u201cN\u00e3o consigo descrever a emo\u00e7\u00e3o, a saudade ainda \u00e9 muito forte e \u00e9 um sentimento muito gratificante ver o legado que ela deixou na Educa\u00e7\u00e3o, principalmente porque tamb\u00e9m sou professora. Eu fico extremamente lisonjeada. \u00c9 muito bom saber a diferen\u00e7a que ela fez na vida de cada aluno\u201d, disse a filha da homenageada, Suellen da Paix\u00e3o.<\/p>\n\n\n\n<p>A m\u00e3e do Bernardo, de 3 anos, Daniella Silveira, comemorou a iniciativa. Ela contou que o filho foi diagnosticado com Transtorno do Espectro Autista (TEA), com n\u00edvel 3 de suporte, e que mesmo realizando terapias, a Sala de Recursos ter\u00e1 papel fundamental para o aluno.<\/p>\n\n\n\n<p>\u201cO mais interessante que eu achei da sala \u00e9 que vai ser no contraturno, ou seja, n\u00e3o vai excluir o aluno da sala de aula regular e sim estimular as potencialidades dele, como a coordena\u00e7\u00e3o motora, por exemplo. \u00c9 uma forma de ajudar al\u00e9m do que j\u00e1 \u00e9 feito na escola. Acho que vai ajudar principalmente as crian\u00e7as que ainda n\u00e3o t\u00eam acesso \u00e0s terapias\u201d, afirmou a m\u00e3e.<\/p>\n\n\n\n<p><em>Fotos: Renan Otto<\/em><\/p>\n\n\n\n<p><strong><em>S\u00e3o Gon\u00e7alo vai mudar: Not\u00edcias de S\u00e3o Gon\u00e7alo e toda regi\u00e3o.<\/em><\/strong><\/p>\n\n\n\n<figure class=\"wp-block-image size-full\"><img decoding=\"async\" width=\"317\" height=\"110\" src=\"https:\/\/sgvaimudar.com.br\/wp-content\/uploads\/2023\/08\/cropped-Logo-Provisoria-2-2.png\" alt=\"\" class=\"wp-image-2782\" srcset=\"https:\/\/sgvaimudar.com.br\/wp-content\/uploads\/2023\/08\/cropped-Logo-Provisoria-2-2.png 317w, https:\/\/sgvaimudar.com.br\/wp-content\/uploads\/2023\/08\/cropped-Logo-Provisoria-2-2-300x104.png 300w\" sizes=\"(max-width: 317px) 100vw, 317px\" \/><\/figure>\n","protected":false},"excerpt":{"rendered":"<p>Ambiente oferece ferramentas e jogos pedag\u00f3gicos para estimular os alunos Com o objetivo de desenvolver as potencialidades dos alunos com&hellip;<\/p>\n","protected":false},"author":5,"featured_media":20987,"comment_status":"open","ping_status":"open","sticky":false,"template":"","format":"standard","meta":{"fifu_image_url":"","fifu_image_alt":"","footnotes":""},"categories":[3],"tags":[75],"class_list":["post-20985","post","type-post","status-publish","format-standard","has-post-thumbnail","hentry","category-sao-goncalo","tag-sao-goncalo"],"_links":{"self":[{"href":"https:\/\/sgvaimudar.com.br\/index.php\/wp-json\/wp\/v2\/posts\/20985","targetHints":{"allow":["GET"]}}],"collection":[{"href":"https:\/\/sgvaimudar.com.br\/index.php\/wp-json\/wp\/v2\/posts"}],"about":[{"href":"https:\/\/sgvaimudar.com.br\/index.php\/wp-json\/wp\/v2\/types\/post"}],"author":[{"embeddable":true,"href":"https:\/\/sgvaimudar.com.br\/index.php\/wp-json\/wp\/v2\/users\/5"}],"replies":[{"embeddable":true,"href":"https:\/\/sgvaimudar.com.br\/index.php\/wp-json\/wp\/v2\/comments?post=20985"}],"version-history":[{"count":1,"href":"https:\/\/sgvaimudar.com.br\/index.php\/wp-json\/wp\/v2\/posts\/20985\/revisions"}],"predecessor-version":[{"id":20988,"href":"https:\/\/sgvaimudar.com.br\/index.php\/wp-json\/wp\/v2\/posts\/20985\/revisions\/20988"}],"wp:featuredmedia":[{"embeddable":true,"href":"https:\/\/sgvaimudar.com.br\/index.php\/wp-json\/wp\/v2\/media\/20987"}],"wp:attachment":[{"href":"https:\/\/sgvaimudar.com.br\/index.php\/wp-json\/wp\/v2\/media?parent=20985"}],"wp:term":[{"taxonomy":"category","embeddable":true,"href":"https:\/\/sgvaimudar.com.br\/index.php\/wp-json\/wp\/v2\/categories?post=20985"},{"taxonomy":"post_tag","embeddable":true,"href":"https:\/\/sgvaimudar.com.br\/index.php\/wp-json\/wp\/v2\/tags?post=20985"}],"curies":[{"name":"wp","href":"https:\/\/api.w.org\/{rel}","templated":true}]}}