{"id":20964,"date":"2025-02-26T14:00:00","date_gmt":"2025-02-26T17:00:00","guid":{"rendered":"https:\/\/sgvaimudar.com.br\/?p=20964"},"modified":"2025-02-26T10:08:58","modified_gmt":"2025-02-26T13:08:58","slug":"solidariedade-em-alta-bola-branca-arrecadou-mais-de-uma-tonelada-de-alimentos","status":"publish","type":"post","link":"https:\/\/sgvaimudar.com.br\/index.php\/2025\/02\/26\/solidariedade-em-alta-bola-branca-arrecadou-mais-de-uma-tonelada-de-alimentos\/","title":{"rendered":"Solidariedade em alta: Bola Branca arrecadou mais de uma tonelada de alimentos"},"content":{"rendered":"\n<p><em>O presidente do Bola Branca, S\u00e9rgio Werneck e representantes do Complexo Esportivo do Barreto entregaram os donativos na FIA do Barreto<\/em><\/p>\n\n\n\n<p>Nem s\u00f3 de samba no p\u00e9 vive o foli\u00e3o do Cord\u00e3o da Bola Branca. O tradicional bloco de Niter\u00f3i tamb\u00e9m \u00e9 exemplo de solidariedade. Mais de uma tonelada de alimentos, arrecadados durante os eventos do Bola Branca,&nbsp;foram distribu\u00eddos para institui\u00e7\u00f5es que assistem pessoas de baixa renda e com defici\u00eancia na cidade. Os alimentos, em sua maioria, feij\u00e3o, arroz, a\u00e7\u00facar e macarr\u00e3o foram doados para a Apae de Niter\u00f3i e a Fia do Barreto, al\u00e9m de institui\u00e7\u00f5es religiosas e comunit\u00e1rias que atuam com popula\u00e7\u00e3o de baixa renda, em bairros como Fonseca, Engenhoca e S\u00e3o Francisco.&nbsp;<\/p>\n\n\n\n<p>\u201c\u00c9 a fun\u00e7\u00e3o social do carnaval. Desde que fundamos o bloco, tra\u00e7amos este objetivo que \u00e9 trocar os abad\u00e1s por g\u00eaneros aliment\u00edcios para serem doados. O carnaval \u00e9 festa, alegria, mas tamb\u00e9m solidariedade\u201d, comemora o presidente da Comiss\u00e3o de Carnaval de Niter\u00f3i e secret\u00e1rio de Governo, Paulo Bagueira, idealizador do Cord\u00e3o.&nbsp;<\/p>\n\n\n\n<p>Bagueira, em companhia do presidente do Bola Branca, S\u00e9rgio Werneck acompanhou, na \u00faltima ter\u00e7a-feira, dia 25,&nbsp; a entrega de 150 quilos de alimentos para refor\u00e7ar o estoque da unidade da Funda\u00e7\u00e3o para a Inf\u00e2ncia e Adolesc\u00eancia, \u00f3rg\u00e3o do Estado que funciona ao lado do Complexo Esportivo do Barreto. \u201cMuitas pessoas que desfilaram no Bola Branca s\u00e3o usu\u00e1rias dos servi\u00e7os do Complexo Esportivo e sabem da dificuldade do \u00f3rg\u00e3o. Por isso resolvemos doar parte dos donativos para eles\u201d, explica Werneck.&nbsp;<\/p>\n\n\n\n<p>O Bola Branca fez seu grito de carnaval no dia 13 de fevereiro no Praia Clube S\u00e3o Francisco e um baile de carnaval, no \u00faltimo dia 22, na Pra\u00e7a Get\u00falio Vargas, em Icara\u00ed.<\/p>\n\n\n\n<p><strong><em>S\u00e3o Gon\u00e7alo vai mudar: Not\u00edcias de S\u00e3o Gon\u00e7alo e toda regi\u00e3o.<\/em><\/strong><\/p>\n\n\n\n<figure class=\"wp-block-image size-full\"><img decoding=\"async\" width=\"317\" height=\"110\" src=\"https:\/\/sgvaimudar.com.br\/wp-content\/uploads\/2023\/08\/cropped-Logo-Provisoria-2-2.png\" alt=\"\" class=\"wp-image-2782\" srcset=\"https:\/\/sgvaimudar.com.br\/wp-content\/uploads\/2023\/08\/cropped-Logo-Provisoria-2-2.png 317w, https:\/\/sgvaimudar.com.br\/wp-content\/uploads\/2023\/08\/cropped-Logo-Provisoria-2-2-300x104.png 300w\" sizes=\"(max-width: 317px) 100vw, 317px\" \/><\/figure>\n","protected":false},"excerpt":{"rendered":"<p>O presidente do Bola Branca, S\u00e9rgio Werneck e representantes do Complexo Esportivo do Barreto entregaram os donativos na FIA do&hellip;<\/p>\n","protected":false},"author":5,"featured_media":20965,"comment_status":"open","ping_status":"open","sticky":false,"template":"","format":"standard","meta":{"fifu_image_url":"","fifu_image_alt":"","footnotes":""},"categories":[36],"tags":[47],"class_list":["post-20964","post","type-post","status-publish","format-standard","has-post-thumbnail","hentry","category-bem-estar","tag-rj"],"_links":{"self":[{"href":"https:\/\/sgvaimudar.com.br\/index.php\/wp-json\/wp\/v2\/posts\/20964","targetHints":{"allow":["GET"]}}],"collection":[{"href":"https:\/\/sgvaimudar.com.br\/index.php\/wp-json\/wp\/v2\/posts"}],"about":[{"href":"https:\/\/sgvaimudar.com.br\/index.php\/wp-json\/wp\/v2\/types\/post"}],"author":[{"embeddable":true,"href":"https:\/\/sgvaimudar.com.br\/index.php\/wp-json\/wp\/v2\/users\/5"}],"replies":[{"embeddable":true,"href":"https:\/\/sgvaimudar.com.br\/index.php\/wp-json\/wp\/v2\/comments?post=20964"}],"version-history":[{"count":1,"href":"https:\/\/sgvaimudar.com.br\/index.php\/wp-json\/wp\/v2\/posts\/20964\/revisions"}],"predecessor-version":[{"id":20966,"href":"https:\/\/sgvaimudar.com.br\/index.php\/wp-json\/wp\/v2\/posts\/20964\/revisions\/20966"}],"wp:featuredmedia":[{"embeddable":true,"href":"https:\/\/sgvaimudar.com.br\/index.php\/wp-json\/wp\/v2\/media\/20965"}],"wp:attachment":[{"href":"https:\/\/sgvaimudar.com.br\/index.php\/wp-json\/wp\/v2\/media?parent=20964"}],"wp:term":[{"taxonomy":"category","embeddable":true,"href":"https:\/\/sgvaimudar.com.br\/index.php\/wp-json\/wp\/v2\/categories?post=20964"},{"taxonomy":"post_tag","embeddable":true,"href":"https:\/\/sgvaimudar.com.br\/index.php\/wp-json\/wp\/v2\/tags?post=20964"}],"curies":[{"name":"wp","href":"https:\/\/api.w.org\/{rel}","templated":true}]}}