{"id":20948,"date":"2025-02-26T11:59:00","date_gmt":"2025-02-26T14:59:00","guid":{"rendered":"https:\/\/sgvaimudar.com.br\/?p=20948"},"modified":"2025-02-26T09:51:10","modified_gmt":"2025-02-26T12:51:10","slug":"tenente-coronel-da-pm-e-morto-a-tiros-na-zona-norte","status":"publish","type":"post","link":"https:\/\/sgvaimudar.com.br\/index.php\/2025\/02\/26\/tenente-coronel-da-pm-e-morto-a-tiros-na-zona-norte\/","title":{"rendered":"Tenente-coronel da PM \u00e9 morto a tiros na Zona Norte; V\u00eddeo"},"content":{"rendered":"\n<p><em>Segundo a corpora\u00e7\u00e3o, o militar foi v\u00edtima de uma tentativa de assalto<\/em><\/p>\n\n\n\n<p>O tenente-coronel da PM Carlos Vidal Martin da Silva, de 52 anos,&nbsp;foi morto na noite desta&nbsp;ter\u00e7a-feira (25), no Jardim Am\u00e9rica, na Zona Norte.&nbsp;Segundo a corpora\u00e7\u00e3o,&nbsp;o militar foi v\u00edtima de uma tentativa de assalto.<\/p>\n\n\n\n<p>Tudo aconteceu na Avenida Brasil, quando ele foi abordado por criminosos armados. Ainda conforme a PM, o oficial tentou reagir, mas foi baleado no peito. A mulher dele estava\u00a0presente, mas\u00a0n\u00e3o ficou ferida. C\u00e2meras de seguran\u00e7a do local gravaram o momento do crime.\u00a0<strong>Assista:<\/strong><\/p>\n\n\n\n<figure class=\"wp-block-video\"><video height=\"346\" style=\"aspect-ratio: 320 \/ 346;\" width=\"320\" controls src=\"https:\/\/sgvaimudar.com.br\/wp-content\/uploads\/2025\/02\/ssstwitter.com_1740571768504.mp4\"><\/video><\/figure>\n\n\n\n<p>De acordo com a filmagem, o tenente coronel entra de camiseta branca na hora de um assalto, parece pegar algo da cintura e quando os bandidos percebem que ele iria reagir abrem fogo fugindo.<\/p>\n\n\n\n<p>O\u00a0militar foi socorrido por agentes do 41\u00ba BPM (Iraj\u00e1)\u00a0e levado para o Hospital Get\u00falio Vargas, na Penha, mas n\u00e3o resistiu aos ferimentos. Ele era lotado no Programa Estadual de Integra\u00e7\u00e3o na Seguran\u00e7a (Cproeis)\u00a0e ingressou na corpora\u00e7\u00e3o\u00a0em 2000. O oficial deixa duas filhas.<\/p>\n\n\n\n<p>N\u00e3o h\u00e1 confirma\u00e7\u00e3o do hor\u00e1rio e local do sepultamento. O caso \u00e9 investigado pela Delegacia de Homic\u00eddios da Capital (DHC).<\/p>\n\n\n\n<p><strong><em>S\u00e3o Gon\u00e7alo vai mudar: Not\u00edcias de S\u00e3o Gon\u00e7alo e toda regi\u00e3o.<\/em><\/strong><\/p>\n\n\n\n<figure class=\"wp-block-image size-full\"><img decoding=\"async\" width=\"317\" height=\"110\" src=\"https:\/\/sgvaimudar.com.br\/wp-content\/uploads\/2023\/08\/cropped-Logo-Provisoria-2-2.png\" alt=\"\" class=\"wp-image-2782\" srcset=\"https:\/\/sgvaimudar.com.br\/wp-content\/uploads\/2023\/08\/cropped-Logo-Provisoria-2-2.png 317w, https:\/\/sgvaimudar.com.br\/wp-content\/uploads\/2023\/08\/cropped-Logo-Provisoria-2-2-300x104.png 300w\" sizes=\"(max-width: 317px) 100vw, 317px\" \/><\/figure>\n","protected":false},"excerpt":{"rendered":"<p>Segundo a corpora\u00e7\u00e3o, o militar foi v\u00edtima de uma tentativa de assalto O tenente-coronel da PM Carlos Vidal Martin da&hellip;<\/p>\n","protected":false},"author":5,"featured_media":20950,"comment_status":"open","ping_status":"open","sticky":false,"template":"","format":"standard","meta":{"fifu_image_url":"","fifu_image_alt":"","footnotes":""},"categories":[32],"tags":[39,41,40,47],"class_list":["post-20948","post","type-post","status-publish","format-standard","has-post-thumbnail","hentry","category-casos-de-policia","tag-ataque","tag-conflito","tag-guerra","tag-rj"],"_links":{"self":[{"href":"https:\/\/sgvaimudar.com.br\/index.php\/wp-json\/wp\/v2\/posts\/20948","targetHints":{"allow":["GET"]}}],"collection":[{"href":"https:\/\/sgvaimudar.com.br\/index.php\/wp-json\/wp\/v2\/posts"}],"about":[{"href":"https:\/\/sgvaimudar.com.br\/index.php\/wp-json\/wp\/v2\/types\/post"}],"author":[{"embeddable":true,"href":"https:\/\/sgvaimudar.com.br\/index.php\/wp-json\/wp\/v2\/users\/5"}],"replies":[{"embeddable":true,"href":"https:\/\/sgvaimudar.com.br\/index.php\/wp-json\/wp\/v2\/comments?post=20948"}],"version-history":[{"count":3,"href":"https:\/\/sgvaimudar.com.br\/index.php\/wp-json\/wp\/v2\/posts\/20948\/revisions"}],"predecessor-version":[{"id":20954,"href":"https:\/\/sgvaimudar.com.br\/index.php\/wp-json\/wp\/v2\/posts\/20948\/revisions\/20954"}],"wp:featuredmedia":[{"embeddable":true,"href":"https:\/\/sgvaimudar.com.br\/index.php\/wp-json\/wp\/v2\/media\/20950"}],"wp:attachment":[{"href":"https:\/\/sgvaimudar.com.br\/index.php\/wp-json\/wp\/v2\/media?parent=20948"}],"wp:term":[{"taxonomy":"category","embeddable":true,"href":"https:\/\/sgvaimudar.com.br\/index.php\/wp-json\/wp\/v2\/categories?post=20948"},{"taxonomy":"post_tag","embeddable":true,"href":"https:\/\/sgvaimudar.com.br\/index.php\/wp-json\/wp\/v2\/tags?post=20948"}],"curies":[{"name":"wp","href":"https:\/\/api.w.org\/{rel}","templated":true}]}}