{"id":20922,"date":"2025-02-26T07:32:57","date_gmt":"2025-02-26T10:32:57","guid":{"rendered":"https:\/\/sgvaimudar.com.br\/?p=20922"},"modified":"2025-02-26T07:32:58","modified_gmt":"2025-02-26T10:32:58","slug":"secretaria-de-assistencia-social-goncalense-promove-baile-de-carnaval-inclusivo","status":"publish","type":"post","link":"https:\/\/sgvaimudar.com.br\/index.php\/2025\/02\/26\/secretaria-de-assistencia-social-goncalense-promove-baile-de-carnaval-inclusivo\/","title":{"rendered":"Secretaria de Assist\u00eancia Social gon\u00e7alense promove baile de carnaval inclusivo"},"content":{"rendered":"\n<p><em>PCD Folia aconteceu no Partage Shopping<\/em><\/p>\n\n\n\n<p>A Secretaria de Assist\u00eancia Social da Prefeitura de S\u00e3o Gon\u00e7alo, atrav\u00e9s da Subsecretaria da Pessoa com Defici\u00eancia, j\u00e1 em clima de carnaval, realizou a segunda edi\u00e7\u00e3o do baile de carnaval para PCDs na tarde desta ter\u00e7a-feira (25), no Partage Shopping, no Espa\u00e7o Mais Conhecimento.<\/p>\n\n\n\n<p>O p\u00fablico se divertiu com m\u00fasicas, incluindo marchinhas de carnaval, lideradas pelo MC Helinho. Com muita dan\u00e7a e anima\u00e7\u00e3o, os participantes colocaram diversas fantasias e ganharam uma grande mesa de lanches.<\/p>\n\n\n\n<figure class=\"wp-block-image size-full\"><img fetchpriority=\"high\" decoding=\"async\" width=\"1024\" height=\"655\" src=\"https:\/\/sgvaimudar.com.br\/wp-content\/uploads\/2025\/02\/unnamed-1-21.jpg\" alt=\"\" class=\"wp-image-20924\" srcset=\"https:\/\/sgvaimudar.com.br\/wp-content\/uploads\/2025\/02\/unnamed-1-21.jpg 1024w, https:\/\/sgvaimudar.com.br\/wp-content\/uploads\/2025\/02\/unnamed-1-21-300x192.jpg 300w, https:\/\/sgvaimudar.com.br\/wp-content\/uploads\/2025\/02\/unnamed-1-21-768x491.jpg 768w\" sizes=\"(max-width: 1024px) 100vw, 1024px\" \/><\/figure>\n\n\n\n<p>O subsecret\u00e1rio da Pessoa com Defici\u00eancia, Evangelista Ubirajara, refor\u00e7ou a import\u00e2ncia do evento. \u201c\u00c9 fundamental que possamos trazer essa inclus\u00e3o, pois o carnaval deve ser para todos. Com olhar diferenciado, o prefeito Capit\u00e3o Nelson tem feito a diferen\u00e7a e, hoje, n\u00f3s podemos ver o munic\u00edpio evoluindo cada vez mais quando vemos a pessoa com defici\u00eancia curtindo em diferentes ambientes\u201d, afirmou.<\/p>\n\n\n\n<p>Diversas institui\u00e7\u00f5es de inclus\u00e3o estiveram presentes no local, incluindo a Apae de S\u00e3o Gon\u00e7alo, Centro Dia, Centro de Inclus\u00e3o Municipal, do Vila Lage, Espa\u00e7o Nossos Filhos, entre outras.<\/p>\n\n\n\n<p>A gon\u00e7alense Amanda Medeiros, de 40 anos, representou as pessoas com defici\u00eancia e contou o que achou do baile. \u201cEu estou muito feliz de ter vindo aqui, gosto muito de m\u00fasica e, principalmente, de dan\u00e7ar e acho eventos como esse legais para que todos possam se divertir\u201d, destacou.<\/p>\n\n\n\n<p>Ainda antes de chegar o feriado do carnaval, as pessoas autistas ter\u00e3o a oportunidade de participarem de uma oficina de confec\u00e7\u00e3o de m\u00e1scaras carnavalescas. A atividade vai acontecer na pr\u00f3xima quinta-feira (27), no Espa\u00e7o Azul, no Shopping S\u00e3o Gon\u00e7alo, a partir das 14h. Para participar, \u00e9 preciso se inscrever atrav\u00e9s do e-mail:&nbsp;<a href=\"mailto:eventosinclusivos.espacoazul@gmail.com\" rel=\"noreferrer noopener\" target=\"_blank\"><u>eventosinclusivos.espacoazul@gmail.com<\/u><\/a>.<\/p>\n\n\n\n<p>Foto: Luiz Carvalho\u00a0<\/p>\n\n\n\n<p><strong><em>S\u00e3o Gon\u00e7alo vai mudar: Not\u00edcias de S\u00e3o Gon\u00e7alo e toda regi\u00e3o.<\/em><\/strong><\/p>\n\n\n\n<figure class=\"wp-block-image size-full\"><img decoding=\"async\" width=\"317\" height=\"110\" src=\"https:\/\/sgvaimudar.com.br\/wp-content\/uploads\/2023\/08\/cropped-Logo-Provisoria-2-2.png\" alt=\"\" class=\"wp-image-2782\" srcset=\"https:\/\/sgvaimudar.com.br\/wp-content\/uploads\/2023\/08\/cropped-Logo-Provisoria-2-2.png 317w, https:\/\/sgvaimudar.com.br\/wp-content\/uploads\/2023\/08\/cropped-Logo-Provisoria-2-2-300x104.png 300w\" sizes=\"(max-width: 317px) 100vw, 317px\" \/><\/figure>\n","protected":false},"excerpt":{"rendered":"<p>PCD Folia aconteceu no Partage Shopping A Secretaria de Assist\u00eancia Social da Prefeitura de S\u00e3o Gon\u00e7alo, atrav\u00e9s da Subsecretaria da&hellip;<\/p>\n","protected":false},"author":5,"featured_media":20923,"comment_status":"open","ping_status":"open","sticky":false,"template":"","format":"standard","meta":{"fifu_image_url":"","fifu_image_alt":"","footnotes":""},"categories":[6],"tags":[47,75],"class_list":["post-20922","post","type-post","status-publish","format-standard","has-post-thumbnail","hentry","category-entretenimento","tag-rj","tag-sao-goncalo"],"_links":{"self":[{"href":"https:\/\/sgvaimudar.com.br\/index.php\/wp-json\/wp\/v2\/posts\/20922","targetHints":{"allow":["GET"]}}],"collection":[{"href":"https:\/\/sgvaimudar.com.br\/index.php\/wp-json\/wp\/v2\/posts"}],"about":[{"href":"https:\/\/sgvaimudar.com.br\/index.php\/wp-json\/wp\/v2\/types\/post"}],"author":[{"embeddable":true,"href":"https:\/\/sgvaimudar.com.br\/index.php\/wp-json\/wp\/v2\/users\/5"}],"replies":[{"embeddable":true,"href":"https:\/\/sgvaimudar.com.br\/index.php\/wp-json\/wp\/v2\/comments?post=20922"}],"version-history":[{"count":1,"href":"https:\/\/sgvaimudar.com.br\/index.php\/wp-json\/wp\/v2\/posts\/20922\/revisions"}],"predecessor-version":[{"id":20925,"href":"https:\/\/sgvaimudar.com.br\/index.php\/wp-json\/wp\/v2\/posts\/20922\/revisions\/20925"}],"wp:featuredmedia":[{"embeddable":true,"href":"https:\/\/sgvaimudar.com.br\/index.php\/wp-json\/wp\/v2\/media\/20923"}],"wp:attachment":[{"href":"https:\/\/sgvaimudar.com.br\/index.php\/wp-json\/wp\/v2\/media?parent=20922"}],"wp:term":[{"taxonomy":"category","embeddable":true,"href":"https:\/\/sgvaimudar.com.br\/index.php\/wp-json\/wp\/v2\/categories?post=20922"},{"taxonomy":"post_tag","embeddable":true,"href":"https:\/\/sgvaimudar.com.br\/index.php\/wp-json\/wp\/v2\/tags?post=20922"}],"curies":[{"name":"wp","href":"https:\/\/api.w.org\/{rel}","templated":true}]}}