{"id":20862,"date":"2025-02-25T08:59:00","date_gmt":"2025-02-25T11:59:00","guid":{"rendered":"https:\/\/sgvaimudar.com.br\/?p=20862"},"modified":"2025-02-25T07:25:54","modified_gmt":"2025-02-25T10:25:54","slug":"operacao-carnaval-prf-intensifica-fiscalizacao-nas-rodovias-federais-do-rj","status":"publish","type":"post","link":"https:\/\/sgvaimudar.com.br\/index.php\/2025\/02\/25\/operacao-carnaval-prf-intensifica-fiscalizacao-nas-rodovias-federais-do-rj\/","title":{"rendered":"Opera\u00e7\u00e3o Carnaval: PRF intensifica fiscaliza\u00e7\u00e3o nas rodovias federais do RJ"},"content":{"rendered":"\n<p><em>Combate \u00e0 embriaguez ao volante \u00e9 o principal foco<\/em><\/p>\n\n\n\n<p>A Pol\u00edcia Rodovi\u00e1ria Federal (PRF) inicia a Opera\u00e7\u00e3o Carnaval nas rodovias federais do Rio de Janeiro, na sexta-feira (28), com o objetivo de garantir a seguran\u00e7a dos motoristas e reduzir os \u00edndices de acidentes durante o per\u00edodo festivo. A opera\u00e7\u00e3o segue at\u00e9 a quarta-feira (5), com foco especial no combate \u00e0 embriaguez ao volante, uma das principais causas de acidentes graves.<\/p>\n\n\n\n<p>Durante os dias de opera\u00e7\u00e3o, a PRF realizar\u00e1 fiscaliza\u00e7\u00e3o intensiva em diversos pontos das rodovias federais que cortam o estado. Al\u00e9m da repress\u00e3o \u00e0 condu\u00e7\u00e3o sob efeito de \u00e1lcool, outras infra\u00e7\u00f5es que representam risco para a seguran\u00e7a, como o excesso de velocidade, ultrapassagens em locais proibidos e o n\u00e3o uso de cinto de seguran\u00e7a, tamb\u00e9m ser\u00e3o coibidas.<\/p>\n\n\n\n<p>O aumento significativo no n\u00famero de ve\u00edculos nas rodovias, especialmente no in\u00edcio e no final do feriado, torna a opera\u00e7\u00e3o ainda mais importante, uma vez que a aglomera\u00e7\u00e3o de carros e o comportamento imprudente de alguns motoristas contribuem diretamente para o aumento dos acidentes. Al\u00e9m da fiscaliza\u00e7\u00e3o intensificada, a PRF conta com o apoio de a\u00e7\u00f5es educativas, realizando campanhas de conscientiza\u00e7\u00e3o sobre os riscos do consumo de \u00e1lcool e dire\u00e7\u00e3o.<\/p>\n\n\n\n<p><strong>Carnaval 2024<\/strong><\/p>\n\n\n\n<p>No ano anterior, foram registrados 120 acidentes, com 133 feridos e tr\u00eas mortos.<\/p>\n\n\n\n<p><strong>Orienta\u00e7\u00f5es<\/strong><\/p>\n\n\n\n<p>Descanse antes de dirigir: Evite a fadiga ao volante e fa\u00e7a pausas regulares durante viagens longas;<\/p>\n\n\n\n<p>Mantenha a aten\u00e7\u00e3o total: N\u00e3o utilize o celular enquanto dirige e evite outras distra\u00e7\u00f5es;<\/p>\n\n\n\n<p>Respeite os limites de velocidade: Exceder a velocidade permitida aumenta o risco de acidentes graves;<\/p>\n\n\n\n<p>Use o cinto de seguran\u00e7a: Todos os ocupantes do ve\u00edculo devem utiliz\u00e1-lo, inclusive no banco traseiro;<\/p>\n\n\n\n<p>N\u00e3o dirija sob efeito de \u00e1lcool: Qualquer tra\u00e7o de \u00e1lcool no organismo compromete os reflexos e a capacidade de rea\u00e7\u00e3o;<\/p>\n\n\n\n<p>Verifique as condi\u00e7\u00f5es do ve\u00edculo: Pneus, freios, far\u00f3is e demais equipamentos devem estar em boas condi\u00e7\u00f5es;<\/p>\n\n\n\n<p>Aten\u00e7\u00e3o \u00e0 ultrapassagens: Realize ultrapassagens apenas em locais permitidos e com seguran\u00e7a;<\/p>\n\n\n\n<p>Em caso de emerg\u00eancia, acione a PRF pelo telefone 191.<\/p>\n\n\n\n<p><strong><em>S\u00e3o Gon\u00e7alo vai mudar: Not\u00edcias de S\u00e3o Gon\u00e7alo e toda regi\u00e3o.<\/em><\/strong><\/p>\n\n\n\n<figure class=\"wp-block-image size-full\"><img decoding=\"async\" width=\"317\" height=\"110\" src=\"https:\/\/sgvaimudar.com.br\/wp-content\/uploads\/2023\/08\/cropped-Logo-Provisoria-2-2.png\" alt=\"\" class=\"wp-image-2782\" srcset=\"https:\/\/sgvaimudar.com.br\/wp-content\/uploads\/2023\/08\/cropped-Logo-Provisoria-2-2.png 317w, https:\/\/sgvaimudar.com.br\/wp-content\/uploads\/2023\/08\/cropped-Logo-Provisoria-2-2-300x104.png 300w\" sizes=\"(max-width: 317px) 100vw, 317px\" \/><\/figure>\n","protected":false},"excerpt":{"rendered":"<p>Combate \u00e0 embriaguez ao volante \u00e9 o principal foco A Pol\u00edcia Rodovi\u00e1ria Federal (PRF) inicia a Opera\u00e7\u00e3o Carnaval nas rodovias&hellip;<\/p>\n","protected":false},"author":5,"featured_media":20863,"comment_status":"open","ping_status":"open","sticky":false,"template":"","format":"standard","meta":{"fifu_image_url":"","fifu_image_alt":"","footnotes":""},"categories":[32],"tags":[47],"class_list":["post-20862","post","type-post","status-publish","format-standard","has-post-thumbnail","hentry","category-casos-de-policia","tag-rj"],"_links":{"self":[{"href":"https:\/\/sgvaimudar.com.br\/index.php\/wp-json\/wp\/v2\/posts\/20862","targetHints":{"allow":["GET"]}}],"collection":[{"href":"https:\/\/sgvaimudar.com.br\/index.php\/wp-json\/wp\/v2\/posts"}],"about":[{"href":"https:\/\/sgvaimudar.com.br\/index.php\/wp-json\/wp\/v2\/types\/post"}],"author":[{"embeddable":true,"href":"https:\/\/sgvaimudar.com.br\/index.php\/wp-json\/wp\/v2\/users\/5"}],"replies":[{"embeddable":true,"href":"https:\/\/sgvaimudar.com.br\/index.php\/wp-json\/wp\/v2\/comments?post=20862"}],"version-history":[{"count":1,"href":"https:\/\/sgvaimudar.com.br\/index.php\/wp-json\/wp\/v2\/posts\/20862\/revisions"}],"predecessor-version":[{"id":20864,"href":"https:\/\/sgvaimudar.com.br\/index.php\/wp-json\/wp\/v2\/posts\/20862\/revisions\/20864"}],"wp:featuredmedia":[{"embeddable":true,"href":"https:\/\/sgvaimudar.com.br\/index.php\/wp-json\/wp\/v2\/media\/20863"}],"wp:attachment":[{"href":"https:\/\/sgvaimudar.com.br\/index.php\/wp-json\/wp\/v2\/media?parent=20862"}],"wp:term":[{"taxonomy":"category","embeddable":true,"href":"https:\/\/sgvaimudar.com.br\/index.php\/wp-json\/wp\/v2\/categories?post=20862"},{"taxonomy":"post_tag","embeddable":true,"href":"https:\/\/sgvaimudar.com.br\/index.php\/wp-json\/wp\/v2\/tags?post=20862"}],"curies":[{"name":"wp","href":"https:\/\/api.w.org\/{rel}","templated":true}]}}