{"id":20855,"date":"2025-02-25T07:14:18","date_gmt":"2025-02-25T10:14:18","guid":{"rendered":"https:\/\/sgvaimudar.com.br\/?p=20855"},"modified":"2025-02-25T07:17:33","modified_gmt":"2025-02-25T10:17:33","slug":"inscricoes-abertas-para-eleicao-de-conselho-de-meio-ambiente","status":"publish","type":"post","link":"https:\/\/sgvaimudar.com.br\/index.php\/2025\/02\/25\/inscricoes-abertas-para-eleicao-de-conselho-de-meio-ambiente\/","title":{"rendered":"Inscri\u00e7\u00f5es abertas para elei\u00e7\u00e3o de Conselho de Meio Ambiente"},"content":{"rendered":"\n<p><em>Segundo secret\u00e1rio F\u00e1bio Lemos, s\u00e3o seis vagas para representantes da sociedade civil de S\u00e3o Gon\u00e7alo<\/em><\/p>\n\n\n\n<p>A Secretaria Municipal de Meio Ambiente divulgou, nesta segunda-feira (24), o edital de convoca\u00e7\u00e3o para o processo eleitoral dos representantes de entidades da sociedade civil interessados em compor o Conselho Municipal de Meio Ambiente e Desenvolvimento Sustent\u00e1vel de S\u00e3o Gon\u00e7alo (COMMADS-SG) durante o bi\u00eanio 2025\/2027. <\/p>\n\n\n\n<p>Criado pela Lei n\u00ba 26\/1998, o conselho \u00e9 um \u00f3rg\u00e3o permanente de car\u00e1ter consultivo e de apoio e assessoramento t\u00e9cnico \u00e0 Secretaria Municipal de Meio Ambiente e Transportes.<\/p>\n\n\n\n<figure class=\"wp-block-image size-large\"><img fetchpriority=\"high\" decoding=\"async\" width=\"819\" height=\"1024\" src=\"https:\/\/sgvaimudar.com.br\/wp-content\/uploads\/2025\/02\/unnamed-2-21-819x1024.jpg\" alt=\"\" class=\"wp-image-20856\" srcset=\"https:\/\/sgvaimudar.com.br\/wp-content\/uploads\/2025\/02\/unnamed-2-21-819x1024.jpg 819w, https:\/\/sgvaimudar.com.br\/wp-content\/uploads\/2025\/02\/unnamed-2-21-240x300.jpg 240w, https:\/\/sgvaimudar.com.br\/wp-content\/uploads\/2025\/02\/unnamed-2-21-768x960.jpg 768w, https:\/\/sgvaimudar.com.br\/wp-content\/uploads\/2025\/02\/unnamed-2-21.jpg 1080w\" sizes=\"(max-width: 819px) 100vw, 819px\" \/><\/figure>\n\n\n\n<p>O processo seletivo, que inclui a realiza\u00e7\u00e3o do F\u00f3rum Eleitoral, destina-se ao preenchimento de seis vagas para representantes de entidades da sociedade civil que possuam efetiva pr\u00e1tica na \u00e1rea ambiental. <\/p>\n\n\n\n<p>Somente poder\u00e3o concorrer \u00e0s vagas os representantes de entidades legalmente constitu\u00eddas, com sede ou filial no munic\u00edpio de S\u00e3o Gon\u00e7alo, e atividades comprovadas de, no m\u00ednimo, dois anos. Para cada vaga de membro titular haver\u00e1 um suplente. <\/p>\n\n\n\n<p>Os futuros conselheiros exercer\u00e3o mandatos de dois anos no Conselho Municipal de Meio Ambiente e Desenvolvimento Sustent\u00e1vel, admitindo-se uma recondu\u00e7\u00e3o por igual per\u00edodo.<\/p>\n\n\n\n<p>O secret\u00e1rio de Meio Ambiente de S\u00e3o Gon\u00e7alo, Fabio Lemos, enfatizou a relev\u00e2ncia do funcionamento efetivo do conselho para a implementa\u00e7\u00e3o de a\u00e7\u00f5es eficazes em prol do meio ambiente.<\/p>\n\n\n\n<p>\u201cO Conselho Municipal de Meio Ambiente e Desenvolvimento Sustent\u00e1vel desempenha um papel fundamental na formula\u00e7\u00e3o de pol\u00edticas p\u00fablicas voltadas \u00e0 prote\u00e7\u00e3o ambiental em nossa cidade. Para garantir a continuidade desse trabalho, a realiza\u00e7\u00e3o do F\u00f3rum Eleitoral \u00e9 fundamental, pois assegura a renova\u00e7\u00e3o e o funcionamento efetivo do conselho. A participa\u00e7\u00e3o ativa da sociedade nesse processo fortalece as a\u00e7\u00f5es ambientais e traz benef\u00edcios para toda a popula\u00e7\u00e3o&#8221;, ressaltou o secret\u00e1rio.<\/p>\n\n\n\n<p>As inscri\u00e7\u00f5es para a sele\u00e7\u00e3o dos representantes da sociedade civil que v\u00e3o integrar o Conselho Municipal de Meio Ambiente e Desenvolvimento Sustent\u00e1vel no bi\u00eanio 2025\/2027 estar\u00e3o abertas de 24 de fevereiro a 20 de mar\u00e7o. A entrega da documenta\u00e7\u00e3o deve ser feita na sala de recep\u00e7\u00e3o da Secretaria Municipal de Meio Ambiente e Transportes, localizada na Travessa Peri dos Santos, n\u00ba 42, Estrela do Norte, S\u00e3o Gon\u00e7alo, com funcionamento de segunda a sexta-feira, das 9h \u00e0s 17h.<\/p>\n\n\n\n<p>O edital de convoca\u00e7\u00e3o e a rela\u00e7\u00e3o de documentos que devem ser apresentados no ato de inscri\u00e7\u00e3o se encontram no Di\u00e1rio Oficial Eletr\u00f4nico de S\u00e3o Gon\u00e7alo atrav\u00e9s do link:&nbsp;<a rel=\"noreferrer noopener\" href=\"https:\/\/click.cse360.com.br\/Click\/AddCampaignEmailClick\/66904384-3104-46d2-8475-08dd52ab1e06\/https%253a%252f%252fdo.pmsg.rj.gov.br%252fdiario%252f2025_02_24.pdf\/ac66966e-2b55-4484-fb2c-08dc491eed5f\/jornalistaws@gmail.com\/False\" target=\"_blank\">https:\/\/do.pmsg.rj.gov.br\/diario\/2025_02_24.pdf<\/a>.&nbsp;<\/p>\n\n\n\n<p><strong><em>S\u00e3o Gon\u00e7alo vai mudar: Not\u00edcias de S\u00e3o Gon\u00e7alo e toda regi\u00e3o.<\/em><\/strong><\/p>\n\n\n\n<figure class=\"wp-block-image size-full\"><img decoding=\"async\" width=\"317\" height=\"110\" src=\"https:\/\/sgvaimudar.com.br\/wp-content\/uploads\/2023\/08\/cropped-Logo-Provisoria-2-2.png\" alt=\"\" class=\"wp-image-2782\" srcset=\"https:\/\/sgvaimudar.com.br\/wp-content\/uploads\/2023\/08\/cropped-Logo-Provisoria-2-2.png 317w, https:\/\/sgvaimudar.com.br\/wp-content\/uploads\/2023\/08\/cropped-Logo-Provisoria-2-2-300x104.png 300w\" sizes=\"(max-width: 317px) 100vw, 317px\" \/><\/figure>\n","protected":false},"excerpt":{"rendered":"<p>Segundo secret\u00e1rio F\u00e1bio Lemos, s\u00e3o seis vagas para representantes da sociedade civil de S\u00e3o Gon\u00e7alo A Secretaria Municipal de Meio&hellip;<\/p>\n","protected":false},"author":5,"featured_media":20857,"comment_status":"open","ping_status":"open","sticky":false,"template":"","format":"standard","meta":{"fifu_image_url":"","fifu_image_alt":"","footnotes":""},"categories":[3],"tags":[47,75],"class_list":["post-20855","post","type-post","status-publish","format-standard","has-post-thumbnail","hentry","category-sao-goncalo","tag-rj","tag-sao-goncalo"],"_links":{"self":[{"href":"https:\/\/sgvaimudar.com.br\/index.php\/wp-json\/wp\/v2\/posts\/20855","targetHints":{"allow":["GET"]}}],"collection":[{"href":"https:\/\/sgvaimudar.com.br\/index.php\/wp-json\/wp\/v2\/posts"}],"about":[{"href":"https:\/\/sgvaimudar.com.br\/index.php\/wp-json\/wp\/v2\/types\/post"}],"author":[{"embeddable":true,"href":"https:\/\/sgvaimudar.com.br\/index.php\/wp-json\/wp\/v2\/users\/5"}],"replies":[{"embeddable":true,"href":"https:\/\/sgvaimudar.com.br\/index.php\/wp-json\/wp\/v2\/comments?post=20855"}],"version-history":[{"count":4,"href":"https:\/\/sgvaimudar.com.br\/index.php\/wp-json\/wp\/v2\/posts\/20855\/revisions"}],"predecessor-version":[{"id":20861,"href":"https:\/\/sgvaimudar.com.br\/index.php\/wp-json\/wp\/v2\/posts\/20855\/revisions\/20861"}],"wp:featuredmedia":[{"embeddable":true,"href":"https:\/\/sgvaimudar.com.br\/index.php\/wp-json\/wp\/v2\/media\/20857"}],"wp:attachment":[{"href":"https:\/\/sgvaimudar.com.br\/index.php\/wp-json\/wp\/v2\/media?parent=20855"}],"wp:term":[{"taxonomy":"category","embeddable":true,"href":"https:\/\/sgvaimudar.com.br\/index.php\/wp-json\/wp\/v2\/categories?post=20855"},{"taxonomy":"post_tag","embeddable":true,"href":"https:\/\/sgvaimudar.com.br\/index.php\/wp-json\/wp\/v2\/tags?post=20855"}],"curies":[{"name":"wp","href":"https:\/\/api.w.org\/{rel}","templated":true}]}}