{"id":20851,"date":"2025-02-25T07:07:10","date_gmt":"2025-02-25T10:07:10","guid":{"rendered":"https:\/\/sgvaimudar.com.br\/?p=20851"},"modified":"2025-02-25T07:07:10","modified_gmt":"2025-02-25T10:07:10","slug":"seguranca-em-alta-guarda-prende-homem-que-tentava-furtar-tubulacao-do-muvi-em-sao-goncalo","status":"publish","type":"post","link":"https:\/\/sgvaimudar.com.br\/index.php\/2025\/02\/25\/seguranca-em-alta-guarda-prende-homem-que-tentava-furtar-tubulacao-do-muvi-em-sao-goncalo\/","title":{"rendered":"Seguran\u00e7a em alta: Guarda prende homem que tentava furtar tubula\u00e7\u00e3o do Muvi em S\u00e3o Gon\u00e7alo"},"content":{"rendered":"\n<p><em>Em uma outra ocorr\u00eancia, dois homens foram presos<\/em>&nbsp;no Alc\u00e2ntara<\/p>\n\n\n\n<p>Agentes da Guarda Municipal prenderam tr\u00eas homens pelo crime de furto no munic\u00edpio. Um dos suspeitos foi preso nesta madrugada de segunda-feira (24), ao tentar furtar a tubula\u00e7\u00e3o da obra do projeto Mobilidade Urbana Verde Integrada (Muvi) na Rua Francisco Portela, no Centro. <\/p>\n\n\n\n<p>Dois outros homens foram presos enquanto estavam furtando tubos met\u00e1licos de uma cl\u00ednica localizada na Rua Jovelino de Oliveira Viana, no Alc\u00e2ntara. Ambas as pris\u00f5es foram feitas com o aux\u00edlio da Central de Seguran\u00e7a de S\u00e3o Gon\u00e7alo (CSSG).<\/p>\n\n\n\n<figure class=\"wp-block-image size-large\"><img fetchpriority=\"high\" decoding=\"async\" width=\"768\" height=\"1024\" src=\"https:\/\/sgvaimudar.com.br\/wp-content\/uploads\/2025\/02\/unnamed-1-20-768x1024.jpg\" alt=\"\" class=\"wp-image-20852\" srcset=\"https:\/\/sgvaimudar.com.br\/wp-content\/uploads\/2025\/02\/unnamed-1-20-768x1024.jpg 768w, https:\/\/sgvaimudar.com.br\/wp-content\/uploads\/2025\/02\/unnamed-1-20-225x300.jpg 225w, https:\/\/sgvaimudar.com.br\/wp-content\/uploads\/2025\/02\/unnamed-1-20-1152x1536.jpg 1152w, https:\/\/sgvaimudar.com.br\/wp-content\/uploads\/2025\/02\/unnamed-1-20.jpg 1200w\" sizes=\"(max-width: 768px) 100vw, 768px\" \/><\/figure>\n\n\n\n<p>Nesta madrugada de segunda-feira (24), equipes da Guarda estavam em patrulhamento quando foram acionadas por respons\u00e1veis pela CSSG depois que as c\u00e2meras de videomonitoramente flagraram um homem furtando uma tubula\u00e7\u00e3o do Muvi. Ap\u00f3s o crime, o suspeito colocou a tubula\u00e7\u00e3o furtada no banco de tr\u00e1s do seu carro.<\/p>\n\n\n\n<p>No local, os agentes encontraram o suspeito e deram voz de pris\u00e3o. O homem precisou ser algemado. O suspeito foi levado para a 73\u00aa DP (Neves), onde foi ouvido e permanece preso.<\/p>\n\n\n\n<p>Outros dois suspeitos foram presos no domingo (23) depois que equipes da Guarda foram acionadas, via central de videomonitoramento, para se dirigirem \u00e0 Rua Jovelino de Oliveira Viana, onde dois suspeitos furtavam dois tubos met\u00e1licos de uma cl\u00ednica abandonada. A dupla foi detida, algemada e levada para a 74\u00aa DP (Alc\u00e2ntara), sendo encaminhada, posteriormente, para a 73\u00aa DP (Neves).<\/p>\n\n\n\n<p>Em ambas as ocorr\u00eancias, o produto dos furtos foi apreendido.<\/p>\n\n\n\n<p><em>Fotos: Ascom<\/em><\/p>\n\n\n\n<p><strong><em>S\u00e3o Gon\u00e7alo vai mudar: Not\u00edcias de S\u00e3o Gon\u00e7alo e toda regi\u00e3o.<\/em><\/strong><\/p>\n\n\n\n<figure class=\"wp-block-image size-full\"><img decoding=\"async\" width=\"317\" height=\"110\" src=\"https:\/\/sgvaimudar.com.br\/wp-content\/uploads\/2023\/08\/cropped-Logo-Provisoria-2-2.png\" alt=\"\" class=\"wp-image-2782\" srcset=\"https:\/\/sgvaimudar.com.br\/wp-content\/uploads\/2023\/08\/cropped-Logo-Provisoria-2-2.png 317w, https:\/\/sgvaimudar.com.br\/wp-content\/uploads\/2023\/08\/cropped-Logo-Provisoria-2-2-300x104.png 300w\" sizes=\"(max-width: 317px) 100vw, 317px\" \/><\/figure>\n","protected":false},"excerpt":{"rendered":"<p>Em uma outra ocorr\u00eancia, dois homens foram presos&nbsp;no Alc\u00e2ntara Agentes da Guarda Municipal prenderam tr\u00eas homens pelo crime de furto&hellip;<\/p>\n","protected":false},"author":5,"featured_media":20853,"comment_status":"open","ping_status":"open","sticky":false,"template":"","format":"standard","meta":{"fifu_image_url":"","fifu_image_alt":"","footnotes":""},"categories":[32],"tags":[39,47,75],"class_list":["post-20851","post","type-post","status-publish","format-standard","has-post-thumbnail","hentry","category-casos-de-policia","tag-ataque","tag-rj","tag-sao-goncalo"],"_links":{"self":[{"href":"https:\/\/sgvaimudar.com.br\/index.php\/wp-json\/wp\/v2\/posts\/20851","targetHints":{"allow":["GET"]}}],"collection":[{"href":"https:\/\/sgvaimudar.com.br\/index.php\/wp-json\/wp\/v2\/posts"}],"about":[{"href":"https:\/\/sgvaimudar.com.br\/index.php\/wp-json\/wp\/v2\/types\/post"}],"author":[{"embeddable":true,"href":"https:\/\/sgvaimudar.com.br\/index.php\/wp-json\/wp\/v2\/users\/5"}],"replies":[{"embeddable":true,"href":"https:\/\/sgvaimudar.com.br\/index.php\/wp-json\/wp\/v2\/comments?post=20851"}],"version-history":[{"count":1,"href":"https:\/\/sgvaimudar.com.br\/index.php\/wp-json\/wp\/v2\/posts\/20851\/revisions"}],"predecessor-version":[{"id":20854,"href":"https:\/\/sgvaimudar.com.br\/index.php\/wp-json\/wp\/v2\/posts\/20851\/revisions\/20854"}],"wp:featuredmedia":[{"embeddable":true,"href":"https:\/\/sgvaimudar.com.br\/index.php\/wp-json\/wp\/v2\/media\/20853"}],"wp:attachment":[{"href":"https:\/\/sgvaimudar.com.br\/index.php\/wp-json\/wp\/v2\/media?parent=20851"}],"wp:term":[{"taxonomy":"category","embeddable":true,"href":"https:\/\/sgvaimudar.com.br\/index.php\/wp-json\/wp\/v2\/categories?post=20851"},{"taxonomy":"post_tag","embeddable":true,"href":"https:\/\/sgvaimudar.com.br\/index.php\/wp-json\/wp\/v2\/tags?post=20851"}],"curies":[{"name":"wp","href":"https:\/\/api.w.org\/{rel}","templated":true}]}}