{"id":20841,"date":"2025-02-24T21:00:00","date_gmt":"2025-02-25T00:00:00","guid":{"rendered":"https:\/\/sgvaimudar.com.br\/?p=20841"},"modified":"2025-02-24T10:24:16","modified_gmt":"2025-02-24T13:24:16","slug":"chefe-da-onu-diz-que-retrocessos-na-verificacao-de-informacoes-abrem-caminho-para-mais-odio","status":"publish","type":"post","link":"https:\/\/sgvaimudar.com.br\/index.php\/2025\/02\/24\/chefe-da-onu-diz-que-retrocessos-na-verificacao-de-informacoes-abrem-caminho-para-mais-odio\/","title":{"rendered":"Chefe da ONU diz que retrocessos na verifica\u00e7\u00e3o de informa\u00e7\u00f5es abrem caminho para &#8216;mais \u00f3dio&#8217;"},"content":{"rendered":"\n<p><em>Ant\u00f3nio Guterres afirmou que as pessoas est\u00e3o cada vez mais com medo de participar nas redes sociais, o que leva a uma redu\u00e7\u00e3o da liberdade de express\u00e3o<\/em><\/p>\n\n\n\n<p>Os retrocessos na verifica\u00e7\u00e3o de fatos e modera\u00e7\u00e3o de conte\u00fado nas redes sociais abre o caminho para mais \u00f3dio, alertou o chefe da ONU, Ant\u00f3nio Guterres, nesta segunda-feira (24).<\/p>\n\n\n\n<p>O secret\u00e1rio-geral da ONU disse que, nesse contexto, as pessoas est\u00e3o cada vez mais com medo de participar nas redes sociais, o que, por sua vez, leva a uma redu\u00e7\u00e3o da liberdade de express\u00e3o.<\/p>\n\n\n\n<p>&#8220;\u00c0 medida que as novas tecnologias permeiam todos os aspectos das nossas vidas, me preocupa profundamente que os direitos humanos estejam sendo prejudicados&#8221;, disse ele ao Conselho de Direitos Humanos da ONU, em Genebra.<\/p>\n\n\n\n<p>Guterres afirmou que, na melhor das hip\u00f3teses, as redes sociais s\u00e3o um lugar para as pessoas trocarem ideias em um ambiente respeitoso, mas, na pior das hip\u00f3teses, podem ser um local de discuss\u00f5es e &#8220;ignor\u00e2ncia flagrante&#8221;.<\/p>\n\n\n\n<p>&#8220;Um lugar onde os venenos da desinforma\u00e7\u00e3o, do racismo, da misoginia e do discurso de \u00f3dio n\u00e3o s\u00e3o apenas tolerados, mas muitas vezes incentivados&#8221;, destacou.<\/p>\n\n\n\n<p>&#8220;Os recentes retrocessos na verifica\u00e7\u00e3o de informa\u00e7\u00f5es e na modera\u00e7\u00e3o de conte\u00fados nas redes sociais est\u00e3o reabrindo a porta para mais \u00f3dio, mais amea\u00e7as e mais viol\u00eancia&#8221;, disse ele.<\/p>\n\n\n\n<p>&#8220;N\u00e3o nos enganemos. Essas revers\u00f5es levar\u00e3o a menos liberdade de express\u00e3o, n\u00e3o a mais, \u00e0 medida que as pessoas ficam cada vez mais com medo de participar nessas plataformas&#8221;, acrescentou.<\/p>\n\n\n\n<p>No m\u00eas passado, o fundador e CEO da Meta, Mark Zuckerberg, anunciou o encerramento do programa de verifica\u00e7\u00e3o de fatos da empresa nos Estados Unidos, cujo objetivo era combater a desinforma\u00e7\u00e3o em suas plataformas.<\/p>\n\n\n\n<p>Com o novo sistema, os usu\u00e1rios poder\u00e3o adicionar notas contextuais \u00e0s postagens, semelhante ao que acontece na rede social X, onde os pr\u00f3prios usu\u00e1rios s\u00e3o chamados para desmascarar mentiras, em vez de jornalistas especializados em checagem de fatos.<\/p>\n\n\n\n<p>A Meta tamb\u00e9m reduziu suas iniciativas de diversidade e flexibilizou as regras de modera\u00e7\u00e3o de conte\u00fado no Facebook e no Instagram, principalmente em rela\u00e7\u00e3o a certas formas de discurso hostil.<\/p>\n\n\n\n<p><em>Fonte: O Dia<\/em><\/p>\n\n\n\n<figure class=\"wp-block-image size-full\"><img decoding=\"async\" width=\"317\" height=\"110\" src=\"https:\/\/sgvaimudar.com.br\/wp-content\/uploads\/2023\/08\/cropped-Logo-Provisoria-2-2.png\" alt=\"\" class=\"wp-image-2782\" srcset=\"https:\/\/sgvaimudar.com.br\/wp-content\/uploads\/2023\/08\/cropped-Logo-Provisoria-2-2.png 317w, https:\/\/sgvaimudar.com.br\/wp-content\/uploads\/2023\/08\/cropped-Logo-Provisoria-2-2-300x104.png 300w\" sizes=\"(max-width: 317px) 100vw, 317px\" \/><\/figure>\n","protected":false},"excerpt":{"rendered":"<p>Ant\u00f3nio Guterres afirmou que as pessoas est\u00e3o cada vez mais com medo de participar nas redes sociais, o que leva&hellip;<\/p>\n","protected":false},"author":5,"featured_media":20842,"comment_status":"open","ping_status":"open","sticky":false,"template":"","format":"standard","meta":{"fifu_image_url":"","fifu_image_alt":"","footnotes":""},"categories":[1],"tags":[39,41,40],"class_list":["post-20841","post","type-post","status-publish","format-standard","has-post-thumbnail","hentry","category-mundo","tag-ataque","tag-conflito","tag-guerra"],"_links":{"self":[{"href":"https:\/\/sgvaimudar.com.br\/index.php\/wp-json\/wp\/v2\/posts\/20841","targetHints":{"allow":["GET"]}}],"collection":[{"href":"https:\/\/sgvaimudar.com.br\/index.php\/wp-json\/wp\/v2\/posts"}],"about":[{"href":"https:\/\/sgvaimudar.com.br\/index.php\/wp-json\/wp\/v2\/types\/post"}],"author":[{"embeddable":true,"href":"https:\/\/sgvaimudar.com.br\/index.php\/wp-json\/wp\/v2\/users\/5"}],"replies":[{"embeddable":true,"href":"https:\/\/sgvaimudar.com.br\/index.php\/wp-json\/wp\/v2\/comments?post=20841"}],"version-history":[{"count":2,"href":"https:\/\/sgvaimudar.com.br\/index.php\/wp-json\/wp\/v2\/posts\/20841\/revisions"}],"predecessor-version":[{"id":20845,"href":"https:\/\/sgvaimudar.com.br\/index.php\/wp-json\/wp\/v2\/posts\/20841\/revisions\/20845"}],"wp:featuredmedia":[{"embeddable":true,"href":"https:\/\/sgvaimudar.com.br\/index.php\/wp-json\/wp\/v2\/media\/20842"}],"wp:attachment":[{"href":"https:\/\/sgvaimudar.com.br\/index.php\/wp-json\/wp\/v2\/media?parent=20841"}],"wp:term":[{"taxonomy":"category","embeddable":true,"href":"https:\/\/sgvaimudar.com.br\/index.php\/wp-json\/wp\/v2\/categories?post=20841"},{"taxonomy":"post_tag","embeddable":true,"href":"https:\/\/sgvaimudar.com.br\/index.php\/wp-json\/wp\/v2\/tags?post=20841"}],"curies":[{"name":"wp","href":"https:\/\/api.w.org\/{rel}","templated":true}]}}