{"id":20814,"date":"2025-02-24T11:00:00","date_gmt":"2025-02-24T14:00:00","guid":{"rendered":"https:\/\/sgvaimudar.com.br\/?p=20814"},"modified":"2025-02-24T09:08:23","modified_gmt":"2025-02-24T12:08:23","slug":"tre-rj-homenageia-personalidades-que-contribuiram-para-a-democracia","status":"publish","type":"post","link":"https:\/\/sgvaimudar.com.br\/index.php\/2025\/02\/24\/tre-rj-homenageia-personalidades-que-contribuiram-para-a-democracia\/","title":{"rendered":"TRE-RJ homenageia personalidades que contribu\u00edram para a democracia"},"content":{"rendered":"\n<p><em>Entrega da Medalha do M\u00e9rito Eleitoral marcou a abertura das comemora\u00e7\u00f5es dos 50 anos da Justi\u00e7a Eleitoral fluminense<\/em><\/p>\n\n\n\n<p>Nesta sexta-feira (21), o Tribunal Regional Eleitoral do Rio de Janeiro abriu as&nbsp;comemora\u00e7\u00f5es dos 50 anos de sua funda\u00e7\u00e3o com a outorga da medalha do M\u00e9rito Eleitoral. O presidente do TRE-RJ, desembargador Henrique Carlos de Andrade Figueira, explicou que a comenda \u00e9 um reconhecimento do compromisso com a democracia e a justi\u00e7a.<\/p>\n\n\n\n<p>\u201cHoje celebramos n\u00e3o as conquistas individuais, mas o potencial que as contribui\u00e7\u00f5es \u00fanicas t\u00eam de produzir efeito coletivo quando uma miss\u00e3o \u00e9 realizada em parceria e com anseios alinhados em prol do bem comum\u201d, afirmou o magistrado, durante a sess\u00e3o solene realizada no Grande Hall do Pal\u00e1cio da Democracia, sede do TRE-RJ.<\/p>\n\n\n\n<p>Entre os agraciados, havia representantes de diversas esferas: ministros, desembargadores, ju\u00edzes, autoridades de outros poderes, servidores da Justi\u00e7a Eleitoral e um profissional de comunica\u00e7\u00e3o. \u201cCada um, com suas habilidades, esfor\u00e7os e compet\u00eancia, contribuiu de maneira \u00fanica para que as elei\u00e7\u00f5es ocorressem de forma tranquila, justa e democr\u00e1tica, como a sociedade demanda e precisa\u201d, afirmou o desembargador Henrique Figueira.<\/p>\n\n\n\n<p>Receberam a medalha o ministro Andr\u00e9 Ramos e a ministra Vera L\u00facia Ara\u00fajo (<em>foto<\/em>), ambos do Tribunal Superior Eleitoral (TSE), assim como a secret\u00e1ria-geral da Presid\u00eancia, desembargadora Andr\u00e9a Pach\u00e1, da mesma Corte Eleitoral. A desembargadora tamb\u00e9m representou a ministra C\u00e1rmen L\u00facia, que n\u00e3o p\u00f4de estar presente, e recebeu sua Medalha do M\u00e9rito Eleitoral.<\/p>\n\n\n\n<p>Em seu discurso, o ministro Andr\u00e9 Ramos afirmou que homenagens como essas s\u00e3o importantes para refor\u00e7ar a import\u00e2ncia da Justi\u00e7a Eleitoral. \u201cN\u00e3o h\u00e1 democracia sem o Judici\u00e1rio, n\u00e3o h\u00e1 democracia sem imprensa livre e n\u00e3o h\u00e1 liberdade na desinforma\u00e7\u00e3o. Isso porque as fake news s\u00e3o ferramentas de encarceramento dos cidad\u00e3os\u201d, afirmou o ministro.<\/p>\n\n\n\n<p>J\u00e1 a ministra Vera L\u00facia apontou algumas das fun\u00e7\u00f5es da Justi\u00e7a Eleitoral. \u201cOs tribunais eleitorais brasileiros s\u00e3o reconhecidos pela sua qualidade e efici\u00eancia, possuem legitimidade social internacionalmente\u201d, afirmou. \u201cAl\u00e9m de todo o trabalho realizado no per\u00edodo eleitoral, exerce uma relevante fun\u00e7\u00e3o no fortalecimento da cidadania por meio de suas escolas judici\u00e1rias eleitorais\u201d, destacou a magistrada.<\/p>\n\n\n\n<p>Tamb\u00e9m foram agraciadas(os) as(os) magistrados(as) do TRE-RJ que desempenharam atribui\u00e7\u00f5es espec\u00edficas na Capital, no \u00faltimo pleito, como a desembargadora Maria Paula Galhardo (registro de candidaturas); os ju\u00edzes Bruno Ruli\u00e8re, coordenador do N\u00facleo de Fiscaliza\u00e7\u00e3o da Propaganda Eleitoral; Gilberto Abdelhay Junior (presta\u00e7\u00e3o de contas); Leonardo Grandmasson (julgamento de pedidos de direito de resposta e representa\u00e7\u00f5es; Carlos Eduardo de Figueiredo (fiscaliza\u00e7\u00e3o da propaganda), e Mirela Erbisti (fiscaliza\u00e7\u00e3o da propaganda na internet).<\/p>\n\n\n\n<p>O presidente Henrique Figueira enalteceu a atua\u00e7\u00e3o desses magistrados. \u201cCom trabalho incans\u00e1vel, garantiram a lisura das elei\u00e7\u00f5es na Capital, e em nome de quem cumprimento os ju\u00edzes que atuaram na Regi\u00e3o Metropolitana e no interior\u201d, destacou o desembargador.<\/p>\n\n\n\n<p>A homenagem contemplou o juiz eleitoral Almir Carvalho, da 104\u00aa Zona Eleitoral (Itabora\u00ed); o presidente da 14\u00aa C\u00e2mara de Direito Privado do TJRJ, desembargador Luiz Felipe Miranda de Medeiros Francisco; o comandante Militar do Leste, general de Ex\u00e9rcito Kleber Nunes de Vasconcellos; e o comandante do 1\u00ba Distrito Naval, vice-almirante Thadeu Marcos Orosco Coelho Lobo; que contribu\u00edram para a seguran\u00e7a e a manuten\u00e7\u00e3o da ordem durante o pleito.<\/p>\n\n\n\n<p>J\u00e1 Edimilson \u00c1vila, da TV Globo, foi homenageado pela cobertura jornal\u00edstica das elei\u00e7\u00f5es no quadro \u201cEdimilson, me ajuda\u201d, exibido no RJ1, com foco em esclarecer as d\u00favidas das eleitoras e eleitores. \u201cSempre na hora do almo\u00e7o, durante o per\u00edodo eleitoral, o jornalista levava informa\u00e7\u00e3o correta, precisa e de qualidade para o eleitor, contribuindo para o refor\u00e7o da participa\u00e7\u00e3o popular no pleito\u201d, ressaltou o desembargador Henrique Figueira.<\/p>\n\n\n\n<p>Completam a lista de agraciados os(as) servidores(as) e colaboradores do TRE-RJ. S\u00e3o eles: o coordenador de Seguran\u00e7a Institucional da Secretaria-Geral da Presid\u00eancia, coronel Eduardo Lopes, por ter garantido um pleito sem ocorr\u00eancias criminais relevantes no estado do Rio; o coordenador de Engenharia da Secretaria de Servi\u00e7os Gerais, Carlos Jos\u00e9 de Paiva J\u00fanior, respons\u00e1vel pela reforma e restaura\u00e7\u00e3o da nova sede do Tribunal; e a oficial de gabinete da Secretaria-Geral da Presid\u00eancia, Fernanda Gomes, que liderou a Justi\u00e7a Itinerante durante a campanha da biometria em 2024.<\/p>\n\n\n\n<p><strong>Autoridades presentes<\/strong><\/p>\n\n\n\n<p>Compuseram a mesa da solenidade junto com o presidente do TRE-RJ, desembargador Henrique Figueira; o corregedor regional eleitoral, desembargador Peterson Barroso Sim\u00e3o; o presidente do TJRJ, desembargador Ricardo Couto de Castro; a desembargadora eleitoral Daniela Bandeira de Freitas; o desembargador eleitoral Rafael Estrela N\u00f3brega; o desembargador estadual Claudio de Mello Tavares, eleito em 2025 para compor a Corte Eleitoral fluminense, e a procuradora regional eleitoral Neide Mara Cavalcanti Cardoso de Oliveira.&nbsp;<\/p>\n\n\n\n<p>Tamb\u00e9m estiveram presentes na cerim\u00f4nia o secret\u00e1rio municipal de Governo, Felipe Santa Cruz; a deputada estadual Tia Ju; a vereadora T\u00e2nia Bastos; o presidente do Tribunal de Contas do Munic\u00edpio, conselheiro Luiz Antonio Guaran\u00e1; e a presidente da Associa\u00e7\u00e3o dos Magistrados do Estado do Rio de Janeiro, Eunice Haddad.<\/p>\n\n\n\n<p>A solenidade contou ainda com a presen\u00e7a dos ex-presidentes do TRE-RJ, desembargadores Elton Leme e Jo\u00e3o Ziraldo Maia; do desembargador estadual Fernando Marques Cabral Filho; do subprocurador-geral de Justi\u00e7a Marcelo Marques; do subprocurador-geral do Estado do Rio de Janeiro, Joaquim Pedro Rohr, do subprocurador-geral do munic\u00edpio do Rio de Janeiro, Carlos Raposo; do comandante do Terceiro Comando A\u00e9reo Regional, major-Brigadeiro do Ar Rodrigo Santos; e do chefe da Assessoria de Rela\u00e7\u00f5es Institucionais do CML, general de brigada Ernesto de Lima Gil.<\/p>\n\n\n\n<p><strong>50 anos do TRE-RJ<\/strong><\/p>\n\n\n\n<p>Al\u00e9m da entrega da medalha do M\u00e9rito Eleitoral, o Tribunal programou uma s\u00e9rie de atividades para celebrar seus 50 anos de funda\u00e7\u00e3o, como uma exposi\u00e7\u00e3o de fotografias de momentos hist\u00f3ricos do TRE-RJ, da Justi\u00e7a Eleitoral e da Democracia, o lan\u00e7amento de um livro sobre a origem do Tribunal e momentos marcantes da sua trajet\u00f3ria.<\/p>\n\n\n\n<p><strong><em>S\u00e3o Gon\u00e7alo vai mudar: Not\u00edcias de S\u00e3o Gon\u00e7alo e toda regi\u00e3o.<\/em><\/strong><\/p>\n\n\n\n<figure class=\"wp-block-image size-full\"><img decoding=\"async\" width=\"317\" height=\"110\" src=\"https:\/\/sgvaimudar.com.br\/wp-content\/uploads\/2023\/08\/cropped-Logo-Provisoria-2-2.png\" alt=\"\" class=\"wp-image-2782\" srcset=\"https:\/\/sgvaimudar.com.br\/wp-content\/uploads\/2023\/08\/cropped-Logo-Provisoria-2-2.png 317w, https:\/\/sgvaimudar.com.br\/wp-content\/uploads\/2023\/08\/cropped-Logo-Provisoria-2-2-300x104.png 300w\" sizes=\"(max-width: 317px) 100vw, 317px\" \/><\/figure>\n","protected":false},"excerpt":{"rendered":"<p>Entrega da Medalha do M\u00e9rito Eleitoral marcou a abertura das comemora\u00e7\u00f5es dos 50 anos da Justi\u00e7a Eleitoral fluminense Nesta sexta-feira&hellip;<\/p>\n","protected":false},"author":5,"featured_media":20815,"comment_status":"open","ping_status":"open","sticky":false,"template":"","format":"standard","meta":{"fifu_image_url":"","fifu_image_alt":"","footnotes":""},"categories":[4],"tags":[47],"class_list":["post-20814","post","type-post","status-publish","format-standard","has-post-thumbnail","hentry","category-brasil","tag-rj"],"_links":{"self":[{"href":"https:\/\/sgvaimudar.com.br\/index.php\/wp-json\/wp\/v2\/posts\/20814","targetHints":{"allow":["GET"]}}],"collection":[{"href":"https:\/\/sgvaimudar.com.br\/index.php\/wp-json\/wp\/v2\/posts"}],"about":[{"href":"https:\/\/sgvaimudar.com.br\/index.php\/wp-json\/wp\/v2\/types\/post"}],"author":[{"embeddable":true,"href":"https:\/\/sgvaimudar.com.br\/index.php\/wp-json\/wp\/v2\/users\/5"}],"replies":[{"embeddable":true,"href":"https:\/\/sgvaimudar.com.br\/index.php\/wp-json\/wp\/v2\/comments?post=20814"}],"version-history":[{"count":1,"href":"https:\/\/sgvaimudar.com.br\/index.php\/wp-json\/wp\/v2\/posts\/20814\/revisions"}],"predecessor-version":[{"id":20816,"href":"https:\/\/sgvaimudar.com.br\/index.php\/wp-json\/wp\/v2\/posts\/20814\/revisions\/20816"}],"wp:featuredmedia":[{"embeddable":true,"href":"https:\/\/sgvaimudar.com.br\/index.php\/wp-json\/wp\/v2\/media\/20815"}],"wp:attachment":[{"href":"https:\/\/sgvaimudar.com.br\/index.php\/wp-json\/wp\/v2\/media?parent=20814"}],"wp:term":[{"taxonomy":"category","embeddable":true,"href":"https:\/\/sgvaimudar.com.br\/index.php\/wp-json\/wp\/v2\/categories?post=20814"},{"taxonomy":"post_tag","embeddable":true,"href":"https:\/\/sgvaimudar.com.br\/index.php\/wp-json\/wp\/v2\/tags?post=20814"}],"curies":[{"name":"wp","href":"https:\/\/api.w.org\/{rel}","templated":true}]}}